{"id":8252,"date":"2024-12-18T15:45:56","date_gmt":"2024-12-18T14:45:56","guid":{"rendered":"https:\/\/covincennes.com\/?p=8252"},"modified":"2025-04-24T18:33:05","modified_gmt":"2025-04-24T16:33:05","slug":"le-projet-mbappe-vu-par-kylian-saisissant","status":"publish","type":"post","link":"https:\/\/covincennes.com\/index.php\/2024\/12\/18\/le-projet-mbappe-vu-par-kylian-saisissant\/","title":{"rendered":"Le \u00ab\u00a0projet Mbapp\u00e9\u00a0\u00bb vu par Kylian : saisissant !"},"content":{"rendered":"<p>Tous ceux qui fr\u00e9quentent le milieu du football amateur, et plus particuli\u00e8rement les cat\u00e9gories de jeunes, en entendent de plus en plus parler : le \u00ab\u00a0projet Mbapp\u00e9\u00a0\u00bb. De quoi s&rsquo;agit-il ? De tout faire pour que le gamin devienne un grand joueur et, gr\u00e2ce \u00e0 cela, enrichisse sa famille ou la sorte de la mis\u00e8re.<\/p>\n<p>Qu&rsquo;un enfant r\u00eave \u00e0 un destin hors du commun, tr\u00e8s bien. Que ses parents, pour l&rsquo;aider \u00e0 y parvenir, le surentra\u00eenent, avec des \u00ab\u00a0cours\u00a0\u00bb particulier, le poussent, lui mettent une pression infernale, insultent voire frappent ses \u00e9ducateurs qui n&rsquo;en font pas assez pour lui, c&rsquo;est inadmissible. Pire encore : comme dans l&rsquo;immense majorit\u00e9 des cas, l&rsquo;enfant ne deviendra pas une star ni m\u00eame professionnel, il risque de sombrer sous le poids d&rsquo;une responsabilit\u00e9 qu&rsquo;il n&rsquo;aura pas su assumer. Beaucoup de ces gamins sortiront d\u00e9truits de cette aventure.<\/p>\n<p>Ces parents indignes n&rsquo;\u00e9coutent rien ni personne, ni les \u00e9ducateurs de l&rsquo;enfant, ni les dirigeants de son club. Si : ils \u00e9coutent des agents ou de pr\u00e9tendus agents v\u00e9reux, qui leur vendent de l&rsquo;illusion.<\/p>\n<p>Alors, qui de sens\u00e9 pourrait les convaincre de revenir sur terre et d&rsquo;agir dans le v\u00e9ritable int\u00e9r\u00eat de leur enfant ? Peut-\u00eatre Kylian lui-m\u00eame. Ecoutons ce qu&rsquo;il en a dit au cours de son remarquable entretien avec Mouloud Achar dans le cadre de l&rsquo;\u00e9mission \u00ab\u00a0Clique\u00a0\u00bb. Saisissant !<\/p>\n<p>Par piti\u00e9, \u00e9coutons-le&#8230;<\/p>\n<p class=\"responsive-video-wrap clr\"><iframe loading=\"lazy\" title=\"Ecoutons Kylian !\" width=\"1200\" height=\"675\" src=\"https:\/\/www.youtube.com\/embed\/0LhNCRMLpnU?feature=oembed\" frameborder=\"0\" allow=\"accelerometer; autoplay; clipboard-write; encrypted-media; gyroscope; picture-in-picture; web-share\" referrerpolicy=\"strict-origin-when-cross-origin\" allowfullscreen><\/iframe><\/p>\n<p>&nbsp;<\/p>\n<p>&nbsp;<\/p>\n","protected":false},"excerpt":{"rendered":"<p>Tous ceux qui fr\u00e9quentent le milieu du football amateur, et plus particuli\u00e8rement les cat\u00e9gories de jeunes, en entendent de plus en plus parler : le \u00ab\u00a0projet Mbapp\u00e9\u00a0\u00bb. De quoi s&rsquo;agit-il ? De tout faire pour que le gamin devienne un grand joueur et, gr\u00e2ce \u00e0 cela, enrichisse sa famille ou la sorte de la mis\u00e8re. [&hellip;]<\/p>\n","protected":false},"author":2,"featured_media":8258,"comment_status":"open","ping_status":"open","sticky":false,"template":"","format":"standard","meta":{"_monsterinsights_skip_tracking":false,"_monsterinsights_sitenote_active":false,"_monsterinsights_sitenote_note":"","_monsterinsights_sitenote_category":0,"footnotes":""},"categories":[1],"tags":[],"class_list":["post-8252","post","type-post","status-publish","format-standard","has-post-thumbnail","hentry","category-non-classe","entry","has-media"],"yoast_head":"<!-- This site is optimized with the Yoast SEO plugin v19.6.1 - https:\/\/yoast.com\/wordpress\/plugins\/seo\/ -->\n<title>Le &quot;projet Mbapp\u00e9&quot; vu par Kylian : saisissant ! - CO Vincennes<\/title>\n<meta name=\"robots\" content=\"index, follow, max-snippet:-1, max-image-preview:large, max-video-preview:-1\" \/>\n<link rel=\"canonical\" href=\"https:\/\/covincennes.com\/index.php\/2024\/12\/18\/le-projet-mbappe-vu-par-kylian-saisissant\/\" \/>\n<meta property=\"og:locale\" content=\"fr_FR\" \/>\n<meta property=\"og:type\" content=\"article\" \/>\n<meta property=\"og:title\" content=\"Le &quot;projet Mbapp\u00e9&quot; vu par Kylian : saisissant ! - CO Vincennes\" \/>\n<meta property=\"og:description\" content=\"Tous ceux qui fr\u00e9quentent le milieu du football amateur, et plus particuli\u00e8rement les cat\u00e9gories de jeunes, en entendent de plus en plus parler : le \u00ab\u00a0projet Mbapp\u00e9\u00a0\u00bb. De quoi s&rsquo;agit-il ? De tout faire pour que le gamin devienne un grand joueur et, gr\u00e2ce \u00e0 cela, enrichisse sa famille ou la sorte de la mis\u00e8re. [&hellip;]\" \/>\n<meta property=\"og:url\" content=\"https:\/\/covincennes.com\/index.php\/2024\/12\/18\/le-projet-mbappe-vu-par-kylian-saisissant\/\" \/>\n<meta property=\"og:site_name\" content=\"CO Vincennes\" \/>\n<meta property=\"article:publisher\" content=\"https:\/\/www.facebook.com\/CO-VINCENNES-la-page-officielle-136021893155921\/\" \/>\n<meta property=\"article:published_time\" content=\"2024-12-18T14:45:56+00:00\" \/>\n<meta property=\"article:modified_time\" content=\"2025-04-24T16:33:05+00:00\" \/>\n<meta property=\"og:image\" content=\"https:\/\/covincennes.com\/wp-content\/uploads\/2024\/12\/Mbappe-3.jpg\" \/>\n\t<meta property=\"og:image:width\" content=\"643\" \/>\n\t<meta property=\"og:image:height\" content=\"480\" \/>\n\t<meta property=\"og:image:type\" content=\"image\/jpeg\" \/>\n<meta name=\"author\" content=\"Cole Hibry\" \/>\n<meta name=\"twitter:card\" content=\"summary_large_image\" \/>\n<meta name=\"twitter:creator\" content=\"@covincennes\" \/>\n<meta name=\"twitter:site\" content=\"@covincennes\" \/>\n<meta name=\"twitter:label1\" content=\"\u00c9crit par\" \/>\n\t<meta name=\"twitter:data1\" content=\"Cole Hibry\" \/>\n\t<meta name=\"twitter:label2\" content=\"Dur\u00e9e de lecture estim\u00e9e\" \/>\n\t<meta name=\"twitter:data2\" content=\"2 minutes\" \/>\n<script type=\"application\/ld+json\" class=\"yoast-schema-graph\">{\"@context\":\"https:\/\/schema.org\",\"@graph\":[{\"@type\":\"Article\",\"@id\":\"https:\/\/covincennes.com\/index.php\/2024\/12\/18\/le-projet-mbappe-vu-par-kylian-saisissant\/#article\",\"isPartOf\":{\"@id\":\"https:\/\/covincennes.com\/index.php\/2024\/12\/18\/le-projet-mbappe-vu-par-kylian-saisissant\/\"},\"author\":{\"name\":\"Cole Hibry\",\"@id\":\"https:\/\/covincennes.com\/#\/schema\/person\/eb881824360af01aa016999e439303fe\"},\"headline\":\"Le \u00ab\u00a0projet Mbapp\u00e9\u00a0\u00bb vu par Kylian : saisissant !\",\"datePublished\":\"2024-12-18T14:45:56+00:00\",\"dateModified\":\"2025-04-24T16:33:05+00:00\",\"mainEntityOfPage\":{\"@id\":\"https:\/\/covincennes.com\/index.php\/2024\/12\/18\/le-projet-mbappe-vu-par-kylian-saisissant\/\"},\"wordCount\":255,\"commentCount\":0,\"publisher\":{\"@id\":\"https:\/\/covincennes.com\/#organization\"},\"inLanguage\":\"fr-FR\",\"potentialAction\":[{\"@type\":\"CommentAction\",\"name\":\"Comment\",\"target\":[\"https:\/\/covincennes.com\/index.php\/2024\/12\/18\/le-projet-mbappe-vu-par-kylian-saisissant\/#respond\"]}]},{\"@type\":\"WebPage\",\"@id\":\"https:\/\/covincennes.com\/index.php\/2024\/12\/18\/le-projet-mbappe-vu-par-kylian-saisissant\/\",\"url\":\"https:\/\/covincennes.com\/index.php\/2024\/12\/18\/le-projet-mbappe-vu-par-kylian-saisissant\/\",\"name\":\"Le \\\"projet Mbapp\u00e9\\\" vu par Kylian : saisissant ! - CO Vincennes\",\"isPartOf\":{\"@id\":\"https:\/\/covincennes.com\/#website\"},\"datePublished\":\"2024-12-18T14:45:56+00:00\",\"dateModified\":\"2025-04-24T16:33:05+00:00\",\"breadcrumb\":{\"@id\":\"https:\/\/covincennes.com\/index.php\/2024\/12\/18\/le-projet-mbappe-vu-par-kylian-saisissant\/#breadcrumb\"},\"inLanguage\":\"fr-FR\",\"potentialAction\":[{\"@type\":\"ReadAction\",\"target\":[\"https:\/\/covincennes.com\/index.php\/2024\/12\/18\/le-projet-mbappe-vu-par-kylian-saisissant\/\"]}]},{\"@type\":\"BreadcrumbList\",\"@id\":\"https:\/\/covincennes.com\/index.php\/2024\/12\/18\/le-projet-mbappe-vu-par-kylian-saisissant\/#breadcrumb\",\"itemListElement\":[{\"@type\":\"ListItem\",\"position\":1,\"name\":\"Accueil\",\"item\":\"https:\/\/covincennes.com\/\"},{\"@type\":\"ListItem\",\"position\":2,\"name\":\"Le \u00ab\u00a0projet Mbapp\u00e9\u00a0\u00bb vu par Kylian : saisissant !\"}]},{\"@type\":\"WebSite\",\"@id\":\"https:\/\/covincennes.com\/#website\",\"url\":\"https:\/\/covincennes.com\/\",\"name\":\"CO Vincennes\",\"description\":\"Un site utilisant WordPress\",\"publisher\":{\"@id\":\"https:\/\/covincennes.com\/#organization\"},\"potentialAction\":[{\"@type\":\"SearchAction\",\"target\":{\"@type\":\"EntryPoint\",\"urlTemplate\":\"https:\/\/covincennes.com\/?s={search_term_string}\"},\"query-input\":\"required name=search_term_string\"}],\"inLanguage\":\"fr-FR\"},{\"@type\":\"Organization\",\"@id\":\"https:\/\/covincennes.com\/#organization\",\"name\":\"CO Vincennes\",\"url\":\"https:\/\/covincennes.com\/\",\"sameAs\":[\"https:\/\/www.facebook.com\/CO-VINCENNES-la-page-officielle-136021893155921\/\",\"https:\/\/twitter.com\/covincennes\"],\"logo\":{\"@type\":\"ImageObject\",\"inLanguage\":\"fr-FR\",\"@id\":\"https:\/\/covincennes.com\/#\/schema\/logo\/image\/\",\"url\":\"https:\/\/covincennes.com\/wp-content\/uploads\/2019\/11\/logo-cov-png.png\",\"contentUrl\":\"https:\/\/covincennes.com\/wp-content\/uploads\/2019\/11\/logo-cov-png.png\",\"width\":495,\"height\":497,\"caption\":\"CO Vincennes\"},\"image\":{\"@id\":\"https:\/\/covincennes.com\/#\/schema\/logo\/image\/\"}},{\"@type\":\"Person\",\"@id\":\"https:\/\/covincennes.com\/#\/schema\/person\/eb881824360af01aa016999e439303fe\",\"name\":\"Cole Hibry\",\"image\":{\"@type\":\"ImageObject\",\"inLanguage\":\"fr-FR\",\"@id\":\"https:\/\/covincennes.com\/#\/schema\/person\/image\/\",\"url\":\"https:\/\/secure.gravatar.com\/avatar\/fdd68f914853e79675161dab52794fbe213aaa71837a3f83ab5d0669e81bb866?s=96&d=mm&r=g\",\"contentUrl\":\"https:\/\/secure.gravatar.com\/avatar\/fdd68f914853e79675161dab52794fbe213aaa71837a3f83ab5d0669e81bb866?s=96&d=mm&r=g\",\"caption\":\"Cole Hibry\"},\"url\":\"https:\/\/covincennes.com\/index.php\/author\/chevit-frederic\/\"}]}<\/script>\n<!-- \/ Yoast SEO plugin. -->","yoast_head_json":{"title":"Le \"projet Mbapp\u00e9\" vu par Kylian : saisissant ! - CO Vincennes","robots":{"index":"index","follow":"follow","max-snippet":"max-snippet:-1","max-image-preview":"max-image-preview:large","max-video-preview":"max-video-preview:-1"},"canonical":"https:\/\/covincennes.com\/index.php\/2024\/12\/18\/le-projet-mbappe-vu-par-kylian-saisissant\/","og_locale":"fr_FR","og_type":"article","og_title":"Le \"projet Mbapp\u00e9\" vu par Kylian : saisissant ! - CO Vincennes","og_description":"Tous ceux qui fr\u00e9quentent le milieu du football amateur, et plus particuli\u00e8rement les cat\u00e9gories de jeunes, en entendent de plus en plus parler : le \u00ab\u00a0projet Mbapp\u00e9\u00a0\u00bb. De quoi s&rsquo;agit-il ? De tout faire pour que le gamin devienne un grand joueur et, gr\u00e2ce \u00e0 cela, enrichisse sa famille ou la sorte de la mis\u00e8re. [&hellip;]","og_url":"https:\/\/covincennes.com\/index.php\/2024\/12\/18\/le-projet-mbappe-vu-par-kylian-saisissant\/","og_site_name":"CO Vincennes","article_publisher":"https:\/\/www.facebook.com\/CO-VINCENNES-la-page-officielle-136021893155921\/","article_published_time":"2024-12-18T14:45:56+00:00","article_modified_time":"2025-04-24T16:33:05+00:00","og_image":[{"width":643,"height":480,"url":"https:\/\/covincennes.com\/wp-content\/uploads\/2024\/12\/Mbappe-3.jpg","type":"image\/jpeg"}],"author":"Cole Hibry","twitter_card":"summary_large_image","twitter_creator":"@covincennes","twitter_site":"@covincennes","twitter_misc":{"\u00c9crit par":"Cole Hibry","Dur\u00e9e de lecture estim\u00e9e":"2 minutes"},"schema":{"@context":"https:\/\/schema.org","@graph":[{"@type":"Article","@id":"https:\/\/covincennes.com\/index.php\/2024\/12\/18\/le-projet-mbappe-vu-par-kylian-saisissant\/#article","isPartOf":{"@id":"https:\/\/covincennes.com\/index.php\/2024\/12\/18\/le-projet-mbappe-vu-par-kylian-saisissant\/"},"author":{"name":"Cole Hibry","@id":"https:\/\/covincennes.com\/#\/schema\/person\/eb881824360af01aa016999e439303fe"},"headline":"Le \u00ab\u00a0projet Mbapp\u00e9\u00a0\u00bb vu par Kylian : saisissant !","datePublished":"2024-12-18T14:45:56+00:00","dateModified":"2025-04-24T16:33:05+00:00","mainEntityOfPage":{"@id":"https:\/\/covincennes.com\/index.php\/2024\/12\/18\/le-projet-mbappe-vu-par-kylian-saisissant\/"},"wordCount":255,"commentCount":0,"publisher":{"@id":"https:\/\/covincennes.com\/#organization"},"inLanguage":"fr-FR","potentialAction":[{"@type":"CommentAction","name":"Comment","target":["https:\/\/covincennes.com\/index.php\/2024\/12\/18\/le-projet-mbappe-vu-par-kylian-saisissant\/#respond"]}]},{"@type":"WebPage","@id":"https:\/\/covincennes.com\/index.php\/2024\/12\/18\/le-projet-mbappe-vu-par-kylian-saisissant\/","url":"https:\/\/covincennes.com\/index.php\/2024\/12\/18\/le-projet-mbappe-vu-par-kylian-saisissant\/","name":"Le \"projet Mbapp\u00e9\" vu par Kylian : saisissant ! - CO Vincennes","isPartOf":{"@id":"https:\/\/covincennes.com\/#website"},"datePublished":"2024-12-18T14:45:56+00:00","dateModified":"2025-04-24T16:33:05+00:00","breadcrumb":{"@id":"https:\/\/covincennes.com\/index.php\/2024\/12\/18\/le-projet-mbappe-vu-par-kylian-saisissant\/#breadcrumb"},"inLanguage":"fr-FR","potentialAction":[{"@type":"ReadAction","target":["https:\/\/covincennes.com\/index.php\/2024\/12\/18\/le-projet-mbappe-vu-par-kylian-saisissant\/"]}]},{"@type":"BreadcrumbList","@id":"https:\/\/covincennes.com\/index.php\/2024\/12\/18\/le-projet-mbappe-vu-par-kylian-saisissant\/#breadcrumb","itemListElement":[{"@type":"ListItem","position":1,"name":"Accueil","item":"https:\/\/covincennes.com\/"},{"@type":"ListItem","position":2,"name":"Le \u00ab\u00a0projet Mbapp\u00e9\u00a0\u00bb vu par Kylian : saisissant !"}]},{"@type":"WebSite","@id":"https:\/\/covincennes.com\/#website","url":"https:\/\/covincennes.com\/","name":"CO Vincennes","description":"Un site utilisant WordPress","publisher":{"@id":"https:\/\/covincennes.com\/#organization"},"potentialAction":[{"@type":"SearchAction","target":{"@type":"EntryPoint","urlTemplate":"https:\/\/covincennes.com\/?s={search_term_string}"},"query-input":"required name=search_term_string"}],"inLanguage":"fr-FR"},{"@type":"Organization","@id":"https:\/\/covincennes.com\/#organization","name":"CO Vincennes","url":"https:\/\/covincennes.com\/","sameAs":["https:\/\/www.facebook.com\/CO-VINCENNES-la-page-officielle-136021893155921\/","https:\/\/twitter.com\/covincennes"],"logo":{"@type":"ImageObject","inLanguage":"fr-FR","@id":"https:\/\/covincennes.com\/#\/schema\/logo\/image\/","url":"https:\/\/covincennes.com\/wp-content\/uploads\/2019\/11\/logo-cov-png.png","contentUrl":"https:\/\/covincennes.com\/wp-content\/uploads\/2019\/11\/logo-cov-png.png","width":495,"height":497,"caption":"CO Vincennes"},"image":{"@id":"https:\/\/covincennes.com\/#\/schema\/logo\/image\/"}},{"@type":"Person","@id":"https:\/\/covincennes.com\/#\/schema\/person\/eb881824360af01aa016999e439303fe","name":"Cole Hibry","image":{"@type":"ImageObject","inLanguage":"fr-FR","@id":"https:\/\/covincennes.com\/#\/schema\/person\/image\/","url":"https:\/\/secure.gravatar.com\/avatar\/fdd68f914853e79675161dab52794fbe213aaa71837a3f83ab5d0669e81bb866?s=96&d=mm&r=g","contentUrl":"https:\/\/secure.gravatar.com\/avatar\/fdd68f914853e79675161dab52794fbe213aaa71837a3f83ab5d0669e81bb866?s=96&d=mm&r=g","caption":"Cole Hibry"},"url":"https:\/\/covincennes.com\/index.php\/author\/chevit-frederic\/"}]}},"_links":{"self":[{"href":"https:\/\/covincennes.com\/index.php\/wp-json\/wp\/v2\/posts\/8252","targetHints":{"allow":["GET"]}}],"collection":[{"href":"https:\/\/covincennes.com\/index.php\/wp-json\/wp\/v2\/posts"}],"about":[{"href":"https:\/\/covincennes.com\/index.php\/wp-json\/wp\/v2\/types\/post"}],"author":[{"embeddable":true,"href":"https:\/\/covincennes.com\/index.php\/wp-json\/wp\/v2\/users\/2"}],"replies":[{"embeddable":true,"href":"https:\/\/covincennes.com\/index.php\/wp-json\/wp\/v2\/comments?post=8252"}],"version-history":[{"count":1,"href":"https:\/\/covincennes.com\/index.php\/wp-json\/wp\/v2\/posts\/8252\/revisions"}],"predecessor-version":[{"id":8254,"href":"https:\/\/covincennes.com\/index.php\/wp-json\/wp\/v2\/posts\/8252\/revisions\/8254"}],"wp:featuredmedia":[{"embeddable":true,"href":"https:\/\/covincennes.com\/index.php\/wp-json\/wp\/v2\/media\/8258"}],"wp:attachment":[{"href":"https:\/\/covincennes.com\/index.php\/wp-json\/wp\/v2\/media?parent=8252"}],"wp:term":[{"taxonomy":"category","embeddable":true,"href":"https:\/\/covincennes.com\/index.php\/wp-json\/wp\/v2\/categories?post=8252"},{"taxonomy":"post_tag","embeddable":true,"href":"https:\/\/covincennes.com\/index.php\/wp-json\/wp\/v2\/tags?post=8252"}],"curies":[{"name":"wp","href":"https:\/\/api.w.org\/{rel}","templated":true}]}}