{"id":8275,"date":"2024-12-29T14:33:50","date_gmt":"2024-12-29T13:33:50","guid":{"rendered":"https:\/\/covincennes.com\/?p=8275"},"modified":"2025-01-13T00:08:34","modified_gmt":"2025-01-12T23:08:34","slug":"adieu-djamel","status":"publish","type":"post","link":"https:\/\/covincennes.com\/index.php\/2024\/12\/29\/adieu-djamel\/","title":{"rendered":"Adieu Djamel"},"content":{"rendered":"<p>C&rsquo;\u00e9tait une figure l\u00e9gendaire du stade, du COV et surtout du club-house dont il \u00e9tait la coqueluche, la mascotte, l&rsquo;animateur, le conteur, le sourire et, croyait-il, le boss. Ses coups de gueule \u00e9taient aussi tonitruants que ses \u00e9clats de rire. Tour \u00e0 tour joyeux et grognon, enthousiaste et d\u00e9sesp\u00e9r\u00e9, il \u00e9tait la vie, en fait.<\/p>\n<p>Djamel avait pris sa premi\u00e8re licence au CO Vincennes \u00e0 l&rsquo;\u00e2ge de 5 ans, en 1965 ! Et il l&rsquo;avait renouvel\u00e9e chaque ann\u00e9e sans la moindre d\u00e9faillance. Apr\u00e8s une carri\u00e8re de joueur dont il embellissait le souvenir au fil des ann\u00e9es et de la disparition des t\u00e9moins de ses exploits, il \u00e9tait devenu un dirigeant disponible, appr\u00e9ci\u00e9 pour sa science du 4-3-3 en losange et de la passe aveugle. Roi du d\u00e9fi aux tirs aux but, il \u00e9tait le conseiller tr\u00e8s sp\u00e9cial des coaches et, au-del\u00e0, de tous ceux qui s&rsquo;aventuraient \u00e0 engager la conversation au comptoir des 2 Ballons.<\/p>\n<p>Ses ennuis de sant\u00e9 l&rsquo;avaient \u00e9loign\u00e9 du stade ces derni\u00e8res ann\u00e9es et c&rsquo;est \u00e0 l&rsquo;h\u00f4pital que cette photo a \u00e9t\u00e9 prise en septembre 2019. Avec humour, il s&rsquo;\u00e9tait empar\u00e9 d&rsquo;un nez rouge du \u00ab\u00a0Rire M\u00e9decin\u00a0\u00bb, partenaire de c\u0153ur du COV cette saison-l\u00e0. Il s&rsquo;en est all\u00e9 le surlendemain de No\u00ebl, trois jours apr\u00e8s son 64\u00e8me anniversaire.<\/p>\n<p>Adieu Djamel, tu nous manques d\u00e9j\u00e0&#8230;<\/p>\n","protected":false},"excerpt":{"rendered":"<p>C&rsquo;\u00e9tait une figure l\u00e9gendaire du stade, du COV et surtout du club-house dont il \u00e9tait la coqueluche, la mascotte, l&rsquo;animateur, le conteur, le sourire et, croyait-il, le boss. Ses coups de gueule \u00e9taient aussi tonitruants que ses \u00e9clats de rire. Tour \u00e0 tour joyeux et grognon, enthousiaste et d\u00e9sesp\u00e9r\u00e9, il \u00e9tait la vie, en fait. [&hellip;]<\/p>\n","protected":false},"author":2,"featured_media":8276,"comment_status":"open","ping_status":"open","sticky":false,"template":"","format":"standard","meta":{"_monsterinsights_skip_tracking":false,"_monsterinsights_sitenote_active":false,"_monsterinsights_sitenote_note":"","_monsterinsights_sitenote_category":0,"footnotes":""},"categories":[48],"tags":[],"class_list":["post-8275","post","type-post","status-publish","format-standard","has-post-thumbnail","hentry","category-a-la-une","entry","has-media"],"yoast_head":"<!-- This site is optimized with the Yoast SEO plugin v19.6.1 - https:\/\/yoast.com\/wordpress\/plugins\/seo\/ -->\n<title>Adieu Djamel - CO Vincennes<\/title>\n<meta name=\"robots\" content=\"index, follow, max-snippet:-1, max-image-preview:large, max-video-preview:-1\" \/>\n<link rel=\"canonical\" href=\"https:\/\/covincennes.com\/index.php\/2024\/12\/29\/adieu-djamel\/\" \/>\n<meta property=\"og:locale\" content=\"fr_FR\" \/>\n<meta property=\"og:type\" content=\"article\" \/>\n<meta property=\"og:title\" content=\"Adieu Djamel - CO Vincennes\" \/>\n<meta property=\"og:description\" content=\"C&rsquo;\u00e9tait une figure l\u00e9gendaire du stade, du COV et surtout du club-house dont il \u00e9tait la coqueluche, la mascotte, l&rsquo;animateur, le conteur, le sourire et, croyait-il, le boss. Ses coups de gueule \u00e9taient aussi tonitruants que ses \u00e9clats de rire. Tour \u00e0 tour joyeux et grognon, enthousiaste et d\u00e9sesp\u00e9r\u00e9, il \u00e9tait la vie, en fait. [&hellip;]\" \/>\n<meta property=\"og:url\" content=\"https:\/\/covincennes.com\/index.php\/2024\/12\/29\/adieu-djamel\/\" \/>\n<meta property=\"og:site_name\" content=\"CO Vincennes\" \/>\n<meta property=\"article:publisher\" content=\"https:\/\/www.facebook.com\/CO-VINCENNES-la-page-officielle-136021893155921\/\" \/>\n<meta property=\"article:published_time\" content=\"2024-12-29T13:33:50+00:00\" \/>\n<meta property=\"article:modified_time\" content=\"2025-01-12T23:08:34+00:00\" \/>\n<meta property=\"og:image\" content=\"https:\/\/covincennes.com\/wp-content\/uploads\/2024\/12\/Djamel-Lakel-redimensionnee.jpg\" \/>\n\t<meta property=\"og:image:width\" content=\"643\" \/>\n\t<meta property=\"og:image:height\" content=\"480\" \/>\n\t<meta property=\"og:image:type\" content=\"image\/jpeg\" \/>\n<meta name=\"author\" content=\"Cole Hibry\" \/>\n<meta name=\"twitter:card\" content=\"summary_large_image\" \/>\n<meta name=\"twitter:creator\" content=\"@covincennes\" \/>\n<meta name=\"twitter:site\" content=\"@covincennes\" \/>\n<meta name=\"twitter:label1\" content=\"\u00c9crit par\" \/>\n\t<meta name=\"twitter:data1\" content=\"Cole Hibry\" \/>\n\t<meta name=\"twitter:label2\" content=\"Dur\u00e9e de lecture estim\u00e9e\" \/>\n\t<meta name=\"twitter:data2\" content=\"2 minutes\" \/>\n<script type=\"application\/ld+json\" class=\"yoast-schema-graph\">{\"@context\":\"https:\/\/schema.org\",\"@graph\":[{\"@type\":\"Article\",\"@id\":\"https:\/\/covincennes.com\/index.php\/2024\/12\/29\/adieu-djamel\/#article\",\"isPartOf\":{\"@id\":\"https:\/\/covincennes.com\/index.php\/2024\/12\/29\/adieu-djamel\/\"},\"author\":{\"name\":\"Cole Hibry\",\"@id\":\"https:\/\/covincennes.com\/#\/schema\/person\/eb881824360af01aa016999e439303fe\"},\"headline\":\"Adieu Djamel\",\"datePublished\":\"2024-12-29T13:33:50+00:00\",\"dateModified\":\"2025-01-12T23:08:34+00:00\",\"mainEntityOfPage\":{\"@id\":\"https:\/\/covincennes.com\/index.php\/2024\/12\/29\/adieu-djamel\/\"},\"wordCount\":237,\"commentCount\":0,\"publisher\":{\"@id\":\"https:\/\/covincennes.com\/#organization\"},\"articleSection\":[\"\u00e0 la une\"],\"inLanguage\":\"fr-FR\",\"potentialAction\":[{\"@type\":\"CommentAction\",\"name\":\"Comment\",\"target\":[\"https:\/\/covincennes.com\/index.php\/2024\/12\/29\/adieu-djamel\/#respond\"]}]},{\"@type\":\"WebPage\",\"@id\":\"https:\/\/covincennes.com\/index.php\/2024\/12\/29\/adieu-djamel\/\",\"url\":\"https:\/\/covincennes.com\/index.php\/2024\/12\/29\/adieu-djamel\/\",\"name\":\"Adieu Djamel - CO Vincennes\",\"isPartOf\":{\"@id\":\"https:\/\/covincennes.com\/#website\"},\"datePublished\":\"2024-12-29T13:33:50+00:00\",\"dateModified\":\"2025-01-12T23:08:34+00:00\",\"breadcrumb\":{\"@id\":\"https:\/\/covincennes.com\/index.php\/2024\/12\/29\/adieu-djamel\/#breadcrumb\"},\"inLanguage\":\"fr-FR\",\"potentialAction\":[{\"@type\":\"ReadAction\",\"target\":[\"https:\/\/covincennes.com\/index.php\/2024\/12\/29\/adieu-djamel\/\"]}]},{\"@type\":\"BreadcrumbList\",\"@id\":\"https:\/\/covincennes.com\/index.php\/2024\/12\/29\/adieu-djamel\/#breadcrumb\",\"itemListElement\":[{\"@type\":\"ListItem\",\"position\":1,\"name\":\"Accueil\",\"item\":\"https:\/\/covincennes.com\/\"},{\"@type\":\"ListItem\",\"position\":2,\"name\":\"Adieu Djamel\"}]},{\"@type\":\"WebSite\",\"@id\":\"https:\/\/covincennes.com\/#website\",\"url\":\"https:\/\/covincennes.com\/\",\"name\":\"CO Vincennes\",\"description\":\"Un site utilisant WordPress\",\"publisher\":{\"@id\":\"https:\/\/covincennes.com\/#organization\"},\"potentialAction\":[{\"@type\":\"SearchAction\",\"target\":{\"@type\":\"EntryPoint\",\"urlTemplate\":\"https:\/\/covincennes.com\/?s={search_term_string}\"},\"query-input\":\"required name=search_term_string\"}],\"inLanguage\":\"fr-FR\"},{\"@type\":\"Organization\",\"@id\":\"https:\/\/covincennes.com\/#organization\",\"name\":\"CO Vincennes\",\"url\":\"https:\/\/covincennes.com\/\",\"sameAs\":[\"https:\/\/www.facebook.com\/CO-VINCENNES-la-page-officielle-136021893155921\/\",\"https:\/\/twitter.com\/covincennes\"],\"logo\":{\"@type\":\"ImageObject\",\"inLanguage\":\"fr-FR\",\"@id\":\"https:\/\/covincennes.com\/#\/schema\/logo\/image\/\",\"url\":\"https:\/\/covincennes.com\/wp-content\/uploads\/2019\/11\/logo-cov-png.png\",\"contentUrl\":\"https:\/\/covincennes.com\/wp-content\/uploads\/2019\/11\/logo-cov-png.png\",\"width\":495,\"height\":497,\"caption\":\"CO Vincennes\"},\"image\":{\"@id\":\"https:\/\/covincennes.com\/#\/schema\/logo\/image\/\"}},{\"@type\":\"Person\",\"@id\":\"https:\/\/covincennes.com\/#\/schema\/person\/eb881824360af01aa016999e439303fe\",\"name\":\"Cole Hibry\",\"image\":{\"@type\":\"ImageObject\",\"inLanguage\":\"fr-FR\",\"@id\":\"https:\/\/covincennes.com\/#\/schema\/person\/image\/\",\"url\":\"https:\/\/secure.gravatar.com\/avatar\/fdd68f914853e79675161dab52794fbe213aaa71837a3f83ab5d0669e81bb866?s=96&d=mm&r=g\",\"contentUrl\":\"https:\/\/secure.gravatar.com\/avatar\/fdd68f914853e79675161dab52794fbe213aaa71837a3f83ab5d0669e81bb866?s=96&d=mm&r=g\",\"caption\":\"Cole Hibry\"},\"url\":\"https:\/\/covincennes.com\/index.php\/author\/chevit-frederic\/\"}]}<\/script>\n<!-- \/ Yoast SEO plugin. -->","yoast_head_json":{"title":"Adieu Djamel - CO Vincennes","robots":{"index":"index","follow":"follow","max-snippet":"max-snippet:-1","max-image-preview":"max-image-preview:large","max-video-preview":"max-video-preview:-1"},"canonical":"https:\/\/covincennes.com\/index.php\/2024\/12\/29\/adieu-djamel\/","og_locale":"fr_FR","og_type":"article","og_title":"Adieu Djamel - CO Vincennes","og_description":"C&rsquo;\u00e9tait une figure l\u00e9gendaire du stade, du COV et surtout du club-house dont il \u00e9tait la coqueluche, la mascotte, l&rsquo;animateur, le conteur, le sourire et, croyait-il, le boss. Ses coups de gueule \u00e9taient aussi tonitruants que ses \u00e9clats de rire. Tour \u00e0 tour joyeux et grognon, enthousiaste et d\u00e9sesp\u00e9r\u00e9, il \u00e9tait la vie, en fait. [&hellip;]","og_url":"https:\/\/covincennes.com\/index.php\/2024\/12\/29\/adieu-djamel\/","og_site_name":"CO Vincennes","article_publisher":"https:\/\/www.facebook.com\/CO-VINCENNES-la-page-officielle-136021893155921\/","article_published_time":"2024-12-29T13:33:50+00:00","article_modified_time":"2025-01-12T23:08:34+00:00","og_image":[{"width":643,"height":480,"url":"https:\/\/covincennes.com\/wp-content\/uploads\/2024\/12\/Djamel-Lakel-redimensionnee.jpg","type":"image\/jpeg"}],"author":"Cole Hibry","twitter_card":"summary_large_image","twitter_creator":"@covincennes","twitter_site":"@covincennes","twitter_misc":{"\u00c9crit par":"Cole Hibry","Dur\u00e9e de lecture estim\u00e9e":"2 minutes"},"schema":{"@context":"https:\/\/schema.org","@graph":[{"@type":"Article","@id":"https:\/\/covincennes.com\/index.php\/2024\/12\/29\/adieu-djamel\/#article","isPartOf":{"@id":"https:\/\/covincennes.com\/index.php\/2024\/12\/29\/adieu-djamel\/"},"author":{"name":"Cole Hibry","@id":"https:\/\/covincennes.com\/#\/schema\/person\/eb881824360af01aa016999e439303fe"},"headline":"Adieu Djamel","datePublished":"2024-12-29T13:33:50+00:00","dateModified":"2025-01-12T23:08:34+00:00","mainEntityOfPage":{"@id":"https:\/\/covincennes.com\/index.php\/2024\/12\/29\/adieu-djamel\/"},"wordCount":237,"commentCount":0,"publisher":{"@id":"https:\/\/covincennes.com\/#organization"},"articleSection":["\u00e0 la une"],"inLanguage":"fr-FR","potentialAction":[{"@type":"CommentAction","name":"Comment","target":["https:\/\/covincennes.com\/index.php\/2024\/12\/29\/adieu-djamel\/#respond"]}]},{"@type":"WebPage","@id":"https:\/\/covincennes.com\/index.php\/2024\/12\/29\/adieu-djamel\/","url":"https:\/\/covincennes.com\/index.php\/2024\/12\/29\/adieu-djamel\/","name":"Adieu Djamel - CO Vincennes","isPartOf":{"@id":"https:\/\/covincennes.com\/#website"},"datePublished":"2024-12-29T13:33:50+00:00","dateModified":"2025-01-12T23:08:34+00:00","breadcrumb":{"@id":"https:\/\/covincennes.com\/index.php\/2024\/12\/29\/adieu-djamel\/#breadcrumb"},"inLanguage":"fr-FR","potentialAction":[{"@type":"ReadAction","target":["https:\/\/covincennes.com\/index.php\/2024\/12\/29\/adieu-djamel\/"]}]},{"@type":"BreadcrumbList","@id":"https:\/\/covincennes.com\/index.php\/2024\/12\/29\/adieu-djamel\/#breadcrumb","itemListElement":[{"@type":"ListItem","position":1,"name":"Accueil","item":"https:\/\/covincennes.com\/"},{"@type":"ListItem","position":2,"name":"Adieu Djamel"}]},{"@type":"WebSite","@id":"https:\/\/covincennes.com\/#website","url":"https:\/\/covincennes.com\/","name":"CO Vincennes","description":"Un site utilisant WordPress","publisher":{"@id":"https:\/\/covincennes.com\/#organization"},"potentialAction":[{"@type":"SearchAction","target":{"@type":"EntryPoint","urlTemplate":"https:\/\/covincennes.com\/?s={search_term_string}"},"query-input":"required name=search_term_string"}],"inLanguage":"fr-FR"},{"@type":"Organization","@id":"https:\/\/covincennes.com\/#organization","name":"CO Vincennes","url":"https:\/\/covincennes.com\/","sameAs":["https:\/\/www.facebook.com\/CO-VINCENNES-la-page-officielle-136021893155921\/","https:\/\/twitter.com\/covincennes"],"logo":{"@type":"ImageObject","inLanguage":"fr-FR","@id":"https:\/\/covincennes.com\/#\/schema\/logo\/image\/","url":"https:\/\/covincennes.com\/wp-content\/uploads\/2019\/11\/logo-cov-png.png","contentUrl":"https:\/\/covincennes.com\/wp-content\/uploads\/2019\/11\/logo-cov-png.png","width":495,"height":497,"caption":"CO Vincennes"},"image":{"@id":"https:\/\/covincennes.com\/#\/schema\/logo\/image\/"}},{"@type":"Person","@id":"https:\/\/covincennes.com\/#\/schema\/person\/eb881824360af01aa016999e439303fe","name":"Cole Hibry","image":{"@type":"ImageObject","inLanguage":"fr-FR","@id":"https:\/\/covincennes.com\/#\/schema\/person\/image\/","url":"https:\/\/secure.gravatar.com\/avatar\/fdd68f914853e79675161dab52794fbe213aaa71837a3f83ab5d0669e81bb866?s=96&d=mm&r=g","contentUrl":"https:\/\/secure.gravatar.com\/avatar\/fdd68f914853e79675161dab52794fbe213aaa71837a3f83ab5d0669e81bb866?s=96&d=mm&r=g","caption":"Cole Hibry"},"url":"https:\/\/covincennes.com\/index.php\/author\/chevit-frederic\/"}]}},"_links":{"self":[{"href":"https:\/\/covincennes.com\/index.php\/wp-json\/wp\/v2\/posts\/8275","targetHints":{"allow":["GET"]}}],"collection":[{"href":"https:\/\/covincennes.com\/index.php\/wp-json\/wp\/v2\/posts"}],"about":[{"href":"https:\/\/covincennes.com\/index.php\/wp-json\/wp\/v2\/types\/post"}],"author":[{"embeddable":true,"href":"https:\/\/covincennes.com\/index.php\/wp-json\/wp\/v2\/users\/2"}],"replies":[{"embeddable":true,"href":"https:\/\/covincennes.com\/index.php\/wp-json\/wp\/v2\/comments?post=8275"}],"version-history":[{"count":1,"href":"https:\/\/covincennes.com\/index.php\/wp-json\/wp\/v2\/posts\/8275\/revisions"}],"predecessor-version":[{"id":8277,"href":"https:\/\/covincennes.com\/index.php\/wp-json\/wp\/v2\/posts\/8275\/revisions\/8277"}],"wp:featuredmedia":[{"embeddable":true,"href":"https:\/\/covincennes.com\/index.php\/wp-json\/wp\/v2\/media\/8276"}],"wp:attachment":[{"href":"https:\/\/covincennes.com\/index.php\/wp-json\/wp\/v2\/media?parent=8275"}],"wp:term":[{"taxonomy":"category","embeddable":true,"href":"https:\/\/covincennes.com\/index.php\/wp-json\/wp\/v2\/categories?post=8275"},{"taxonomy":"post_tag","embeddable":true,"href":"https:\/\/covincennes.com\/index.php\/wp-json\/wp\/v2\/tags?post=8275"}],"curies":[{"name":"wp","href":"https:\/\/api.w.org\/{rel}","templated":true}]}}