{"id":8320,"date":"2025-01-13T00:08:08","date_gmt":"2025-01-12T23:08:08","guid":{"rendered":"https:\/\/covincennes.com\/?p=8320"},"modified":"2025-04-28T02:11:52","modified_gmt":"2025-04-28T00:11:52","slug":"lhommage-du-cov-a-son-ami-djamel","status":"publish","type":"post","link":"https:\/\/covincennes.com\/index.php\/2025\/01\/13\/lhommage-du-cov-a-son-ami-djamel\/","title":{"rendered":"L&rsquo;hommage du COV \u00e0 son ami Djamel"},"content":{"rendered":"<p>C&rsquo;est en pr\u00e9sence de R\u00e9gis Tourne, adjoint aux Sports de la Ville de Vincennes, et en unit\u00e9 de pens\u00e9e avec Charlotte Libert-Albanel, sa Maire emp\u00each\u00e9e, que le CO Vincennes a rendu hommage \u00e0 son ami Djamel, disparu le 27 d\u00e9cembre, trois jours apr\u00e8s l&rsquo;anniversaire de ses 64 ans.<\/p>\n<p>Une d\u00e9l\u00e9gation des enfants du Foot Evolution, des jeunes de la cat\u00e9gorie U18, des s\u00e9niors et des v\u00e9t\u00e9rans, ainsi que des parents et des amis, se sont regroup\u00e9s avec la direction du club pour dire leur affectation \u00e0 celui qui avait sign\u00e9 en d\u00e9but de saison sa 60\u00e8me licence au COV.<\/p>\n<p>En pr\u00e9sence des s\u0153urs de Djamel et apr\u00e8s quelques mots de Fr\u00e9d\u00e9ric, le pr\u00e9sident du club, de chaleureux applaudissements ont salu\u00e9 celui qui \u00e9tait le symbole de ce que se veut le COV : une seconde famille pour chacun de ses membres.<\/p>\n<p class=\"responsive-video-wrap clr\"><iframe loading=\"lazy\" title=\"L&#039;hommage \u00e0 Djamel\" width=\"1200\" height=\"675\" src=\"https:\/\/www.youtube.com\/embed\/ny2ZbVbgMZw?feature=oembed\" frameborder=\"0\" allow=\"accelerometer; autoplay; clipboard-write; encrypted-media; gyroscope; picture-in-picture; web-share\" referrerpolicy=\"strict-origin-when-cross-origin\" allowfullscreen><\/iframe><\/p>\n","protected":false},"excerpt":{"rendered":"<p>C&rsquo;est en pr\u00e9sence de R\u00e9gis Tourne, adjoint aux Sports de la Ville de Vincennes, et en unit\u00e9 de pens\u00e9e avec Charlotte Libert-Albanel, sa Maire emp\u00each\u00e9e, que le CO Vincennes a rendu hommage \u00e0 son ami Djamel, disparu le 27 d\u00e9cembre, trois jours apr\u00e8s l&rsquo;anniversaire de ses 64 ans. Une d\u00e9l\u00e9gation des enfants du Foot Evolution, [&hellip;]<\/p>\n","protected":false},"author":2,"featured_media":8321,"comment_status":"open","ping_status":"open","sticky":false,"template":"","format":"standard","meta":{"_monsterinsights_skip_tracking":false,"_monsterinsights_sitenote_active":false,"_monsterinsights_sitenote_note":"","_monsterinsights_sitenote_category":0,"footnotes":""},"categories":[48],"tags":[],"class_list":["post-8320","post","type-post","status-publish","format-standard","has-post-thumbnail","hentry","category-a-la-une","entry","has-media"],"yoast_head":"<!-- This site is optimized with the Yoast SEO plugin v19.6.1 - https:\/\/yoast.com\/wordpress\/plugins\/seo\/ -->\n<title>L&#039;hommage du COV \u00e0 son ami Djamel - CO Vincennes<\/title>\n<meta name=\"robots\" content=\"index, follow, max-snippet:-1, max-image-preview:large, max-video-preview:-1\" \/>\n<link rel=\"canonical\" href=\"https:\/\/covincennes.com\/index.php\/2025\/01\/13\/lhommage-du-cov-a-son-ami-djamel\/\" \/>\n<meta property=\"og:locale\" content=\"fr_FR\" \/>\n<meta property=\"og:type\" content=\"article\" \/>\n<meta property=\"og:title\" content=\"L&#039;hommage du COV \u00e0 son ami Djamel - CO Vincennes\" \/>\n<meta property=\"og:description\" content=\"C&rsquo;est en pr\u00e9sence de R\u00e9gis Tourne, adjoint aux Sports de la Ville de Vincennes, et en unit\u00e9 de pens\u00e9e avec Charlotte Libert-Albanel, sa Maire emp\u00each\u00e9e, que le CO Vincennes a rendu hommage \u00e0 son ami Djamel, disparu le 27 d\u00e9cembre, trois jours apr\u00e8s l&rsquo;anniversaire de ses 64 ans. Une d\u00e9l\u00e9gation des enfants du Foot Evolution, [&hellip;]\" \/>\n<meta property=\"og:url\" content=\"https:\/\/covincennes.com\/index.php\/2025\/01\/13\/lhommage-du-cov-a-son-ami-djamel\/\" \/>\n<meta property=\"og:site_name\" content=\"CO Vincennes\" \/>\n<meta property=\"article:publisher\" content=\"https:\/\/www.facebook.com\/CO-VINCENNES-la-page-officielle-136021893155921\/\" \/>\n<meta property=\"article:published_time\" content=\"2025-01-12T23:08:08+00:00\" \/>\n<meta property=\"article:modified_time\" content=\"2025-04-28T00:11:52+00:00\" \/>\n<meta property=\"og:image\" content=\"https:\/\/covincennes.com\/wp-content\/uploads\/2025\/01\/Djamel-redimensionnee.jpg\" \/>\n\t<meta property=\"og:image:width\" content=\"664\" \/>\n\t<meta property=\"og:image:height\" content=\"480\" \/>\n\t<meta property=\"og:image:type\" content=\"image\/jpeg\" \/>\n<meta name=\"author\" content=\"Cole Hibry\" \/>\n<meta name=\"twitter:card\" content=\"summary_large_image\" \/>\n<meta name=\"twitter:creator\" content=\"@covincennes\" \/>\n<meta name=\"twitter:site\" content=\"@covincennes\" \/>\n<meta name=\"twitter:label1\" content=\"\u00c9crit par\" \/>\n\t<meta name=\"twitter:data1\" content=\"Cole Hibry\" \/>\n\t<meta name=\"twitter:label2\" content=\"Dur\u00e9e de lecture estim\u00e9e\" \/>\n\t<meta name=\"twitter:data2\" content=\"1 minute\" \/>\n<script type=\"application\/ld+json\" class=\"yoast-schema-graph\">{\"@context\":\"https:\/\/schema.org\",\"@graph\":[{\"@type\":\"Article\",\"@id\":\"https:\/\/covincennes.com\/index.php\/2025\/01\/13\/lhommage-du-cov-a-son-ami-djamel\/#article\",\"isPartOf\":{\"@id\":\"https:\/\/covincennes.com\/index.php\/2025\/01\/13\/lhommage-du-cov-a-son-ami-djamel\/\"},\"author\":{\"name\":\"Cole Hibry\",\"@id\":\"https:\/\/covincennes.com\/#\/schema\/person\/eb881824360af01aa016999e439303fe\"},\"headline\":\"L&rsquo;hommage du COV \u00e0 son ami Djamel\",\"datePublished\":\"2025-01-12T23:08:08+00:00\",\"dateModified\":\"2025-04-28T00:11:52+00:00\",\"mainEntityOfPage\":{\"@id\":\"https:\/\/covincennes.com\/index.php\/2025\/01\/13\/lhommage-du-cov-a-son-ami-djamel\/\"},\"wordCount\":168,\"commentCount\":0,\"publisher\":{\"@id\":\"https:\/\/covincennes.com\/#organization\"},\"articleSection\":[\"\u00e0 la une\"],\"inLanguage\":\"fr-FR\",\"potentialAction\":[{\"@type\":\"CommentAction\",\"name\":\"Comment\",\"target\":[\"https:\/\/covincennes.com\/index.php\/2025\/01\/13\/lhommage-du-cov-a-son-ami-djamel\/#respond\"]}]},{\"@type\":\"WebPage\",\"@id\":\"https:\/\/covincennes.com\/index.php\/2025\/01\/13\/lhommage-du-cov-a-son-ami-djamel\/\",\"url\":\"https:\/\/covincennes.com\/index.php\/2025\/01\/13\/lhommage-du-cov-a-son-ami-djamel\/\",\"name\":\"L'hommage du COV \u00e0 son ami Djamel - CO Vincennes\",\"isPartOf\":{\"@id\":\"https:\/\/covincennes.com\/#website\"},\"datePublished\":\"2025-01-12T23:08:08+00:00\",\"dateModified\":\"2025-04-28T00:11:52+00:00\",\"breadcrumb\":{\"@id\":\"https:\/\/covincennes.com\/index.php\/2025\/01\/13\/lhommage-du-cov-a-son-ami-djamel\/#breadcrumb\"},\"inLanguage\":\"fr-FR\",\"potentialAction\":[{\"@type\":\"ReadAction\",\"target\":[\"https:\/\/covincennes.com\/index.php\/2025\/01\/13\/lhommage-du-cov-a-son-ami-djamel\/\"]}]},{\"@type\":\"BreadcrumbList\",\"@id\":\"https:\/\/covincennes.com\/index.php\/2025\/01\/13\/lhommage-du-cov-a-son-ami-djamel\/#breadcrumb\",\"itemListElement\":[{\"@type\":\"ListItem\",\"position\":1,\"name\":\"Accueil\",\"item\":\"https:\/\/covincennes.com\/\"},{\"@type\":\"ListItem\",\"position\":2,\"name\":\"L&rsquo;hommage du COV \u00e0 son ami Djamel\"}]},{\"@type\":\"WebSite\",\"@id\":\"https:\/\/covincennes.com\/#website\",\"url\":\"https:\/\/covincennes.com\/\",\"name\":\"CO Vincennes\",\"description\":\"Un site utilisant WordPress\",\"publisher\":{\"@id\":\"https:\/\/covincennes.com\/#organization\"},\"potentialAction\":[{\"@type\":\"SearchAction\",\"target\":{\"@type\":\"EntryPoint\",\"urlTemplate\":\"https:\/\/covincennes.com\/?s={search_term_string}\"},\"query-input\":\"required name=search_term_string\"}],\"inLanguage\":\"fr-FR\"},{\"@type\":\"Organization\",\"@id\":\"https:\/\/covincennes.com\/#organization\",\"name\":\"CO Vincennes\",\"url\":\"https:\/\/covincennes.com\/\",\"sameAs\":[\"https:\/\/www.facebook.com\/CO-VINCENNES-la-page-officielle-136021893155921\/\",\"https:\/\/twitter.com\/covincennes\"],\"logo\":{\"@type\":\"ImageObject\",\"inLanguage\":\"fr-FR\",\"@id\":\"https:\/\/covincennes.com\/#\/schema\/logo\/image\/\",\"url\":\"https:\/\/covincennes.com\/wp-content\/uploads\/2019\/11\/logo-cov-png.png\",\"contentUrl\":\"https:\/\/covincennes.com\/wp-content\/uploads\/2019\/11\/logo-cov-png.png\",\"width\":495,\"height\":497,\"caption\":\"CO Vincennes\"},\"image\":{\"@id\":\"https:\/\/covincennes.com\/#\/schema\/logo\/image\/\"}},{\"@type\":\"Person\",\"@id\":\"https:\/\/covincennes.com\/#\/schema\/person\/eb881824360af01aa016999e439303fe\",\"name\":\"Cole Hibry\",\"image\":{\"@type\":\"ImageObject\",\"inLanguage\":\"fr-FR\",\"@id\":\"https:\/\/covincennes.com\/#\/schema\/person\/image\/\",\"url\":\"https:\/\/secure.gravatar.com\/avatar\/fdd68f914853e79675161dab52794fbe213aaa71837a3f83ab5d0669e81bb866?s=96&d=mm&r=g\",\"contentUrl\":\"https:\/\/secure.gravatar.com\/avatar\/fdd68f914853e79675161dab52794fbe213aaa71837a3f83ab5d0669e81bb866?s=96&d=mm&r=g\",\"caption\":\"Cole Hibry\"},\"url\":\"https:\/\/covincennes.com\/index.php\/author\/chevit-frederic\/\"}]}<\/script>\n<!-- \/ Yoast SEO plugin. -->","yoast_head_json":{"title":"L'hommage du COV \u00e0 son ami Djamel - CO Vincennes","robots":{"index":"index","follow":"follow","max-snippet":"max-snippet:-1","max-image-preview":"max-image-preview:large","max-video-preview":"max-video-preview:-1"},"canonical":"https:\/\/covincennes.com\/index.php\/2025\/01\/13\/lhommage-du-cov-a-son-ami-djamel\/","og_locale":"fr_FR","og_type":"article","og_title":"L'hommage du COV \u00e0 son ami Djamel - CO Vincennes","og_description":"C&rsquo;est en pr\u00e9sence de R\u00e9gis Tourne, adjoint aux Sports de la Ville de Vincennes, et en unit\u00e9 de pens\u00e9e avec Charlotte Libert-Albanel, sa Maire emp\u00each\u00e9e, que le CO Vincennes a rendu hommage \u00e0 son ami Djamel, disparu le 27 d\u00e9cembre, trois jours apr\u00e8s l&rsquo;anniversaire de ses 64 ans. Une d\u00e9l\u00e9gation des enfants du Foot Evolution, [&hellip;]","og_url":"https:\/\/covincennes.com\/index.php\/2025\/01\/13\/lhommage-du-cov-a-son-ami-djamel\/","og_site_name":"CO Vincennes","article_publisher":"https:\/\/www.facebook.com\/CO-VINCENNES-la-page-officielle-136021893155921\/","article_published_time":"2025-01-12T23:08:08+00:00","article_modified_time":"2025-04-28T00:11:52+00:00","og_image":[{"width":664,"height":480,"url":"https:\/\/covincennes.com\/wp-content\/uploads\/2025\/01\/Djamel-redimensionnee.jpg","type":"image\/jpeg"}],"author":"Cole Hibry","twitter_card":"summary_large_image","twitter_creator":"@covincennes","twitter_site":"@covincennes","twitter_misc":{"\u00c9crit par":"Cole Hibry","Dur\u00e9e de lecture estim\u00e9e":"1 minute"},"schema":{"@context":"https:\/\/schema.org","@graph":[{"@type":"Article","@id":"https:\/\/covincennes.com\/index.php\/2025\/01\/13\/lhommage-du-cov-a-son-ami-djamel\/#article","isPartOf":{"@id":"https:\/\/covincennes.com\/index.php\/2025\/01\/13\/lhommage-du-cov-a-son-ami-djamel\/"},"author":{"name":"Cole Hibry","@id":"https:\/\/covincennes.com\/#\/schema\/person\/eb881824360af01aa016999e439303fe"},"headline":"L&rsquo;hommage du COV \u00e0 son ami Djamel","datePublished":"2025-01-12T23:08:08+00:00","dateModified":"2025-04-28T00:11:52+00:00","mainEntityOfPage":{"@id":"https:\/\/covincennes.com\/index.php\/2025\/01\/13\/lhommage-du-cov-a-son-ami-djamel\/"},"wordCount":168,"commentCount":0,"publisher":{"@id":"https:\/\/covincennes.com\/#organization"},"articleSection":["\u00e0 la une"],"inLanguage":"fr-FR","potentialAction":[{"@type":"CommentAction","name":"Comment","target":["https:\/\/covincennes.com\/index.php\/2025\/01\/13\/lhommage-du-cov-a-son-ami-djamel\/#respond"]}]},{"@type":"WebPage","@id":"https:\/\/covincennes.com\/index.php\/2025\/01\/13\/lhommage-du-cov-a-son-ami-djamel\/","url":"https:\/\/covincennes.com\/index.php\/2025\/01\/13\/lhommage-du-cov-a-son-ami-djamel\/","name":"L'hommage du COV \u00e0 son ami Djamel - CO Vincennes","isPartOf":{"@id":"https:\/\/covincennes.com\/#website"},"datePublished":"2025-01-12T23:08:08+00:00","dateModified":"2025-04-28T00:11:52+00:00","breadcrumb":{"@id":"https:\/\/covincennes.com\/index.php\/2025\/01\/13\/lhommage-du-cov-a-son-ami-djamel\/#breadcrumb"},"inLanguage":"fr-FR","potentialAction":[{"@type":"ReadAction","target":["https:\/\/covincennes.com\/index.php\/2025\/01\/13\/lhommage-du-cov-a-son-ami-djamel\/"]}]},{"@type":"BreadcrumbList","@id":"https:\/\/covincennes.com\/index.php\/2025\/01\/13\/lhommage-du-cov-a-son-ami-djamel\/#breadcrumb","itemListElement":[{"@type":"ListItem","position":1,"name":"Accueil","item":"https:\/\/covincennes.com\/"},{"@type":"ListItem","position":2,"name":"L&rsquo;hommage du COV \u00e0 son ami Djamel"}]},{"@type":"WebSite","@id":"https:\/\/covincennes.com\/#website","url":"https:\/\/covincennes.com\/","name":"CO Vincennes","description":"Un site utilisant WordPress","publisher":{"@id":"https:\/\/covincennes.com\/#organization"},"potentialAction":[{"@type":"SearchAction","target":{"@type":"EntryPoint","urlTemplate":"https:\/\/covincennes.com\/?s={search_term_string}"},"query-input":"required name=search_term_string"}],"inLanguage":"fr-FR"},{"@type":"Organization","@id":"https:\/\/covincennes.com\/#organization","name":"CO Vincennes","url":"https:\/\/covincennes.com\/","sameAs":["https:\/\/www.facebook.com\/CO-VINCENNES-la-page-officielle-136021893155921\/","https:\/\/twitter.com\/covincennes"],"logo":{"@type":"ImageObject","inLanguage":"fr-FR","@id":"https:\/\/covincennes.com\/#\/schema\/logo\/image\/","url":"https:\/\/covincennes.com\/wp-content\/uploads\/2019\/11\/logo-cov-png.png","contentUrl":"https:\/\/covincennes.com\/wp-content\/uploads\/2019\/11\/logo-cov-png.png","width":495,"height":497,"caption":"CO Vincennes"},"image":{"@id":"https:\/\/covincennes.com\/#\/schema\/logo\/image\/"}},{"@type":"Person","@id":"https:\/\/covincennes.com\/#\/schema\/person\/eb881824360af01aa016999e439303fe","name":"Cole Hibry","image":{"@type":"ImageObject","inLanguage":"fr-FR","@id":"https:\/\/covincennes.com\/#\/schema\/person\/image\/","url":"https:\/\/secure.gravatar.com\/avatar\/fdd68f914853e79675161dab52794fbe213aaa71837a3f83ab5d0669e81bb866?s=96&d=mm&r=g","contentUrl":"https:\/\/secure.gravatar.com\/avatar\/fdd68f914853e79675161dab52794fbe213aaa71837a3f83ab5d0669e81bb866?s=96&d=mm&r=g","caption":"Cole Hibry"},"url":"https:\/\/covincennes.com\/index.php\/author\/chevit-frederic\/"}]}},"_links":{"self":[{"href":"https:\/\/covincennes.com\/index.php\/wp-json\/wp\/v2\/posts\/8320","targetHints":{"allow":["GET"]}}],"collection":[{"href":"https:\/\/covincennes.com\/index.php\/wp-json\/wp\/v2\/posts"}],"about":[{"href":"https:\/\/covincennes.com\/index.php\/wp-json\/wp\/v2\/types\/post"}],"author":[{"embeddable":true,"href":"https:\/\/covincennes.com\/index.php\/wp-json\/wp\/v2\/users\/2"}],"replies":[{"embeddable":true,"href":"https:\/\/covincennes.com\/index.php\/wp-json\/wp\/v2\/comments?post=8320"}],"version-history":[{"count":1,"href":"https:\/\/covincennes.com\/index.php\/wp-json\/wp\/v2\/posts\/8320\/revisions"}],"predecessor-version":[{"id":8322,"href":"https:\/\/covincennes.com\/index.php\/wp-json\/wp\/v2\/posts\/8320\/revisions\/8322"}],"wp:featuredmedia":[{"embeddable":true,"href":"https:\/\/covincennes.com\/index.php\/wp-json\/wp\/v2\/media\/8321"}],"wp:attachment":[{"href":"https:\/\/covincennes.com\/index.php\/wp-json\/wp\/v2\/media?parent=8320"}],"wp:term":[{"taxonomy":"category","embeddable":true,"href":"https:\/\/covincennes.com\/index.php\/wp-json\/wp\/v2\/categories?post=8320"},{"taxonomy":"post_tag","embeddable":true,"href":"https:\/\/covincennes.com\/index.php\/wp-json\/wp\/v2\/tags?post=8320"}],"curies":[{"name":"wp","href":"https:\/\/api.w.org\/{rel}","templated":true}]}}