{"id":8323,"date":"2025-01-13T19:22:38","date_gmt":"2025-01-13T18:22:38","guid":{"rendered":"https:\/\/covincennes.com\/?p=8323"},"modified":"2025-02-03T13:47:01","modified_gmt":"2025-02-03T12:47:01","slug":"coupe-du-val-de-marne-nos-seniors-avec-maitrise","status":"publish","type":"post","link":"https:\/\/covincennes.com\/index.php\/2025\/01\/13\/coupe-du-val-de-marne-nos-seniors-avec-maitrise\/","title":{"rendered":"Coupe du Val de Marne : nos s\u00e9niors avec ma\u00eetrise"},"content":{"rendered":"<p>Pour un premier tour, ce n&rsquo;\u00e9tait pas un adversaire facile que nous proposait la Coupe du Val de Marne s\u00e9niors, celle qui nous avait \u00e9chapp\u00e9 la saison derni\u00e8re, \u00e0 cause d&rsquo;une interminable s\u00e9ance de tirs au but, en finale, qui ne nous avait pas \u00e9t\u00e9 favorable.<\/p>\n<p>C&rsquo;est donc face \u00e0 la B d&rsquo;Ivry que nous avons entam\u00e9 la nouvelle campagne de cette comp\u00e9tition, un adversaire qui \u00e9volue en championnat au m\u00eame niveau que nous (R2), et qui joue le haut du tableau dans sa poule.<\/p>\n<p>Mais les hommes de Carl ont su franchir l&rsquo;obstacle en faisant preuve de ma\u00eetrise et en conc\u00e9dant tr\u00e8s peu d&rsquo;occasions. Ils ont \u00e9t\u00e9 r\u00e9compens\u00e9s par deux jolis buts, sign\u00e9s Victor d&rsquo;abord, au terme d&rsquo;un slalom dans la surface, par Maxence ensuite, \u00e0 la r\u00e9ception d&rsquo;un centre court de Tom.<\/p>\n<p>Un bon r\u00e9sultat \u00e0 confirmer d\u00e8s dimanche \u00e0 Palaiseau, en championnat.<\/p>\n","protected":false},"excerpt":{"rendered":"<p>Pour un premier tour, ce n&rsquo;\u00e9tait pas un adversaire facile que nous proposait la Coupe du Val de Marne s\u00e9niors, celle qui nous avait \u00e9chapp\u00e9 la saison derni\u00e8re, \u00e0 cause d&rsquo;une interminable s\u00e9ance de tirs au but, en finale, qui ne nous avait pas \u00e9t\u00e9 favorable. C&rsquo;est donc face \u00e0 la B d&rsquo;Ivry que nous [&hellip;]<\/p>\n","protected":false},"author":2,"featured_media":8324,"comment_status":"open","ping_status":"open","sticky":false,"template":"","format":"standard","meta":{"_monsterinsights_skip_tracking":false,"_monsterinsights_sitenote_active":false,"_monsterinsights_sitenote_note":"","_monsterinsights_sitenote_category":0,"footnotes":""},"categories":[48],"tags":[],"class_list":["post-8323","post","type-post","status-publish","format-standard","has-post-thumbnail","hentry","category-a-la-une","entry","has-media"],"yoast_head":"<!-- This site is optimized with the Yoast SEO plugin v19.6.1 - https:\/\/yoast.com\/wordpress\/plugins\/seo\/ -->\n<title>Coupe du Val de Marne : nos s\u00e9niors avec ma\u00eetrise - CO Vincennes<\/title>\n<meta name=\"robots\" content=\"index, follow, max-snippet:-1, max-image-preview:large, max-video-preview:-1\" \/>\n<link rel=\"canonical\" href=\"https:\/\/covincennes.com\/index.php\/2025\/01\/13\/coupe-du-val-de-marne-nos-seniors-avec-maitrise\/\" \/>\n<meta property=\"og:locale\" content=\"fr_FR\" \/>\n<meta property=\"og:type\" content=\"article\" \/>\n<meta property=\"og:title\" content=\"Coupe du Val de Marne : nos s\u00e9niors avec ma\u00eetrise - CO Vincennes\" \/>\n<meta property=\"og:description\" content=\"Pour un premier tour, ce n&rsquo;\u00e9tait pas un adversaire facile que nous proposait la Coupe du Val de Marne s\u00e9niors, celle qui nous avait \u00e9chapp\u00e9 la saison derni\u00e8re, \u00e0 cause d&rsquo;une interminable s\u00e9ance de tirs au but, en finale, qui ne nous avait pas \u00e9t\u00e9 favorable. C&rsquo;est donc face \u00e0 la B d&rsquo;Ivry que nous [&hellip;]\" \/>\n<meta property=\"og:url\" content=\"https:\/\/covincennes.com\/index.php\/2025\/01\/13\/coupe-du-val-de-marne-nos-seniors-avec-maitrise\/\" \/>\n<meta property=\"og:site_name\" content=\"CO Vincennes\" \/>\n<meta property=\"article:publisher\" content=\"https:\/\/www.facebook.com\/CO-VINCENNES-la-page-officielle-136021893155921\/\" \/>\n<meta property=\"article:published_time\" content=\"2025-01-13T18:22:38+00:00\" \/>\n<meta property=\"article:modified_time\" content=\"2025-02-03T12:47:01+00:00\" \/>\n<meta property=\"og:image\" content=\"https:\/\/covincennes.com\/wp-content\/uploads\/2025\/01\/Photo-Ivry-redimensionnee.jpg\" \/>\n\t<meta property=\"og:image:width\" content=\"643\" \/>\n\t<meta property=\"og:image:height\" content=\"480\" \/>\n\t<meta property=\"og:image:type\" content=\"image\/jpeg\" \/>\n<meta name=\"author\" content=\"Cole Hibry\" \/>\n<meta name=\"twitter:card\" content=\"summary_large_image\" \/>\n<meta name=\"twitter:creator\" content=\"@covincennes\" \/>\n<meta name=\"twitter:site\" content=\"@covincennes\" \/>\n<meta name=\"twitter:label1\" content=\"\u00c9crit par\" \/>\n\t<meta name=\"twitter:data1\" content=\"Cole Hibry\" \/>\n\t<meta name=\"twitter:label2\" content=\"Dur\u00e9e de lecture estim\u00e9e\" \/>\n\t<meta name=\"twitter:data2\" content=\"1 minute\" \/>\n<script type=\"application\/ld+json\" class=\"yoast-schema-graph\">{\"@context\":\"https:\/\/schema.org\",\"@graph\":[{\"@type\":\"Article\",\"@id\":\"https:\/\/covincennes.com\/index.php\/2025\/01\/13\/coupe-du-val-de-marne-nos-seniors-avec-maitrise\/#article\",\"isPartOf\":{\"@id\":\"https:\/\/covincennes.com\/index.php\/2025\/01\/13\/coupe-du-val-de-marne-nos-seniors-avec-maitrise\/\"},\"author\":{\"name\":\"Cole Hibry\",\"@id\":\"https:\/\/covincennes.com\/#\/schema\/person\/eb881824360af01aa016999e439303fe\"},\"headline\":\"Coupe du Val de Marne : nos s\u00e9niors avec ma\u00eetrise\",\"datePublished\":\"2025-01-13T18:22:38+00:00\",\"dateModified\":\"2025-02-03T12:47:01+00:00\",\"mainEntityOfPage\":{\"@id\":\"https:\/\/covincennes.com\/index.php\/2025\/01\/13\/coupe-du-val-de-marne-nos-seniors-avec-maitrise\/\"},\"wordCount\":166,\"commentCount\":0,\"publisher\":{\"@id\":\"https:\/\/covincennes.com\/#organization\"},\"articleSection\":[\"\u00e0 la une\"],\"inLanguage\":\"fr-FR\",\"potentialAction\":[{\"@type\":\"CommentAction\",\"name\":\"Comment\",\"target\":[\"https:\/\/covincennes.com\/index.php\/2025\/01\/13\/coupe-du-val-de-marne-nos-seniors-avec-maitrise\/#respond\"]}]},{\"@type\":\"WebPage\",\"@id\":\"https:\/\/covincennes.com\/index.php\/2025\/01\/13\/coupe-du-val-de-marne-nos-seniors-avec-maitrise\/\",\"url\":\"https:\/\/covincennes.com\/index.php\/2025\/01\/13\/coupe-du-val-de-marne-nos-seniors-avec-maitrise\/\",\"name\":\"Coupe du Val de Marne : nos s\u00e9niors avec ma\u00eetrise - CO Vincennes\",\"isPartOf\":{\"@id\":\"https:\/\/covincennes.com\/#website\"},\"datePublished\":\"2025-01-13T18:22:38+00:00\",\"dateModified\":\"2025-02-03T12:47:01+00:00\",\"breadcrumb\":{\"@id\":\"https:\/\/covincennes.com\/index.php\/2025\/01\/13\/coupe-du-val-de-marne-nos-seniors-avec-maitrise\/#breadcrumb\"},\"inLanguage\":\"fr-FR\",\"potentialAction\":[{\"@type\":\"ReadAction\",\"target\":[\"https:\/\/covincennes.com\/index.php\/2025\/01\/13\/coupe-du-val-de-marne-nos-seniors-avec-maitrise\/\"]}]},{\"@type\":\"BreadcrumbList\",\"@id\":\"https:\/\/covincennes.com\/index.php\/2025\/01\/13\/coupe-du-val-de-marne-nos-seniors-avec-maitrise\/#breadcrumb\",\"itemListElement\":[{\"@type\":\"ListItem\",\"position\":1,\"name\":\"Accueil\",\"item\":\"https:\/\/covincennes.com\/\"},{\"@type\":\"ListItem\",\"position\":2,\"name\":\"Coupe du Val de Marne : nos s\u00e9niors avec ma\u00eetrise\"}]},{\"@type\":\"WebSite\",\"@id\":\"https:\/\/covincennes.com\/#website\",\"url\":\"https:\/\/covincennes.com\/\",\"name\":\"CO Vincennes\",\"description\":\"Un site utilisant WordPress\",\"publisher\":{\"@id\":\"https:\/\/covincennes.com\/#organization\"},\"potentialAction\":[{\"@type\":\"SearchAction\",\"target\":{\"@type\":\"EntryPoint\",\"urlTemplate\":\"https:\/\/covincennes.com\/?s={search_term_string}\"},\"query-input\":\"required name=search_term_string\"}],\"inLanguage\":\"fr-FR\"},{\"@type\":\"Organization\",\"@id\":\"https:\/\/covincennes.com\/#organization\",\"name\":\"CO Vincennes\",\"url\":\"https:\/\/covincennes.com\/\",\"sameAs\":[\"https:\/\/www.facebook.com\/CO-VINCENNES-la-page-officielle-136021893155921\/\",\"https:\/\/twitter.com\/covincennes\"],\"logo\":{\"@type\":\"ImageObject\",\"inLanguage\":\"fr-FR\",\"@id\":\"https:\/\/covincennes.com\/#\/schema\/logo\/image\/\",\"url\":\"https:\/\/covincennes.com\/wp-content\/uploads\/2019\/11\/logo-cov-png.png\",\"contentUrl\":\"https:\/\/covincennes.com\/wp-content\/uploads\/2019\/11\/logo-cov-png.png\",\"width\":495,\"height\":497,\"caption\":\"CO Vincennes\"},\"image\":{\"@id\":\"https:\/\/covincennes.com\/#\/schema\/logo\/image\/\"}},{\"@type\":\"Person\",\"@id\":\"https:\/\/covincennes.com\/#\/schema\/person\/eb881824360af01aa016999e439303fe\",\"name\":\"Cole Hibry\",\"image\":{\"@type\":\"ImageObject\",\"inLanguage\":\"fr-FR\",\"@id\":\"https:\/\/covincennes.com\/#\/schema\/person\/image\/\",\"url\":\"https:\/\/secure.gravatar.com\/avatar\/fdd68f914853e79675161dab52794fbe213aaa71837a3f83ab5d0669e81bb866?s=96&d=mm&r=g\",\"contentUrl\":\"https:\/\/secure.gravatar.com\/avatar\/fdd68f914853e79675161dab52794fbe213aaa71837a3f83ab5d0669e81bb866?s=96&d=mm&r=g\",\"caption\":\"Cole Hibry\"},\"url\":\"https:\/\/covincennes.com\/index.php\/author\/chevit-frederic\/\"}]}<\/script>\n<!-- \/ Yoast SEO plugin. -->","yoast_head_json":{"title":"Coupe du Val de Marne : nos s\u00e9niors avec ma\u00eetrise - CO Vincennes","robots":{"index":"index","follow":"follow","max-snippet":"max-snippet:-1","max-image-preview":"max-image-preview:large","max-video-preview":"max-video-preview:-1"},"canonical":"https:\/\/covincennes.com\/index.php\/2025\/01\/13\/coupe-du-val-de-marne-nos-seniors-avec-maitrise\/","og_locale":"fr_FR","og_type":"article","og_title":"Coupe du Val de Marne : nos s\u00e9niors avec ma\u00eetrise - CO Vincennes","og_description":"Pour un premier tour, ce n&rsquo;\u00e9tait pas un adversaire facile que nous proposait la Coupe du Val de Marne s\u00e9niors, celle qui nous avait \u00e9chapp\u00e9 la saison derni\u00e8re, \u00e0 cause d&rsquo;une interminable s\u00e9ance de tirs au but, en finale, qui ne nous avait pas \u00e9t\u00e9 favorable. C&rsquo;est donc face \u00e0 la B d&rsquo;Ivry que nous [&hellip;]","og_url":"https:\/\/covincennes.com\/index.php\/2025\/01\/13\/coupe-du-val-de-marne-nos-seniors-avec-maitrise\/","og_site_name":"CO Vincennes","article_publisher":"https:\/\/www.facebook.com\/CO-VINCENNES-la-page-officielle-136021893155921\/","article_published_time":"2025-01-13T18:22:38+00:00","article_modified_time":"2025-02-03T12:47:01+00:00","og_image":[{"width":643,"height":480,"url":"https:\/\/covincennes.com\/wp-content\/uploads\/2025\/01\/Photo-Ivry-redimensionnee.jpg","type":"image\/jpeg"}],"author":"Cole Hibry","twitter_card":"summary_large_image","twitter_creator":"@covincennes","twitter_site":"@covincennes","twitter_misc":{"\u00c9crit par":"Cole Hibry","Dur\u00e9e de lecture estim\u00e9e":"1 minute"},"schema":{"@context":"https:\/\/schema.org","@graph":[{"@type":"Article","@id":"https:\/\/covincennes.com\/index.php\/2025\/01\/13\/coupe-du-val-de-marne-nos-seniors-avec-maitrise\/#article","isPartOf":{"@id":"https:\/\/covincennes.com\/index.php\/2025\/01\/13\/coupe-du-val-de-marne-nos-seniors-avec-maitrise\/"},"author":{"name":"Cole Hibry","@id":"https:\/\/covincennes.com\/#\/schema\/person\/eb881824360af01aa016999e439303fe"},"headline":"Coupe du Val de Marne : nos s\u00e9niors avec ma\u00eetrise","datePublished":"2025-01-13T18:22:38+00:00","dateModified":"2025-02-03T12:47:01+00:00","mainEntityOfPage":{"@id":"https:\/\/covincennes.com\/index.php\/2025\/01\/13\/coupe-du-val-de-marne-nos-seniors-avec-maitrise\/"},"wordCount":166,"commentCount":0,"publisher":{"@id":"https:\/\/covincennes.com\/#organization"},"articleSection":["\u00e0 la une"],"inLanguage":"fr-FR","potentialAction":[{"@type":"CommentAction","name":"Comment","target":["https:\/\/covincennes.com\/index.php\/2025\/01\/13\/coupe-du-val-de-marne-nos-seniors-avec-maitrise\/#respond"]}]},{"@type":"WebPage","@id":"https:\/\/covincennes.com\/index.php\/2025\/01\/13\/coupe-du-val-de-marne-nos-seniors-avec-maitrise\/","url":"https:\/\/covincennes.com\/index.php\/2025\/01\/13\/coupe-du-val-de-marne-nos-seniors-avec-maitrise\/","name":"Coupe du Val de Marne : nos s\u00e9niors avec ma\u00eetrise - CO Vincennes","isPartOf":{"@id":"https:\/\/covincennes.com\/#website"},"datePublished":"2025-01-13T18:22:38+00:00","dateModified":"2025-02-03T12:47:01+00:00","breadcrumb":{"@id":"https:\/\/covincennes.com\/index.php\/2025\/01\/13\/coupe-du-val-de-marne-nos-seniors-avec-maitrise\/#breadcrumb"},"inLanguage":"fr-FR","potentialAction":[{"@type":"ReadAction","target":["https:\/\/covincennes.com\/index.php\/2025\/01\/13\/coupe-du-val-de-marne-nos-seniors-avec-maitrise\/"]}]},{"@type":"BreadcrumbList","@id":"https:\/\/covincennes.com\/index.php\/2025\/01\/13\/coupe-du-val-de-marne-nos-seniors-avec-maitrise\/#breadcrumb","itemListElement":[{"@type":"ListItem","position":1,"name":"Accueil","item":"https:\/\/covincennes.com\/"},{"@type":"ListItem","position":2,"name":"Coupe du Val de Marne : nos s\u00e9niors avec ma\u00eetrise"}]},{"@type":"WebSite","@id":"https:\/\/covincennes.com\/#website","url":"https:\/\/covincennes.com\/","name":"CO Vincennes","description":"Un site utilisant WordPress","publisher":{"@id":"https:\/\/covincennes.com\/#organization"},"potentialAction":[{"@type":"SearchAction","target":{"@type":"EntryPoint","urlTemplate":"https:\/\/covincennes.com\/?s={search_term_string}"},"query-input":"required name=search_term_string"}],"inLanguage":"fr-FR"},{"@type":"Organization","@id":"https:\/\/covincennes.com\/#organization","name":"CO Vincennes","url":"https:\/\/covincennes.com\/","sameAs":["https:\/\/www.facebook.com\/CO-VINCENNES-la-page-officielle-136021893155921\/","https:\/\/twitter.com\/covincennes"],"logo":{"@type":"ImageObject","inLanguage":"fr-FR","@id":"https:\/\/covincennes.com\/#\/schema\/logo\/image\/","url":"https:\/\/covincennes.com\/wp-content\/uploads\/2019\/11\/logo-cov-png.png","contentUrl":"https:\/\/covincennes.com\/wp-content\/uploads\/2019\/11\/logo-cov-png.png","width":495,"height":497,"caption":"CO Vincennes"},"image":{"@id":"https:\/\/covincennes.com\/#\/schema\/logo\/image\/"}},{"@type":"Person","@id":"https:\/\/covincennes.com\/#\/schema\/person\/eb881824360af01aa016999e439303fe","name":"Cole Hibry","image":{"@type":"ImageObject","inLanguage":"fr-FR","@id":"https:\/\/covincennes.com\/#\/schema\/person\/image\/","url":"https:\/\/secure.gravatar.com\/avatar\/fdd68f914853e79675161dab52794fbe213aaa71837a3f83ab5d0669e81bb866?s=96&d=mm&r=g","contentUrl":"https:\/\/secure.gravatar.com\/avatar\/fdd68f914853e79675161dab52794fbe213aaa71837a3f83ab5d0669e81bb866?s=96&d=mm&r=g","caption":"Cole Hibry"},"url":"https:\/\/covincennes.com\/index.php\/author\/chevit-frederic\/"}]}},"_links":{"self":[{"href":"https:\/\/covincennes.com\/index.php\/wp-json\/wp\/v2\/posts\/8323","targetHints":{"allow":["GET"]}}],"collection":[{"href":"https:\/\/covincennes.com\/index.php\/wp-json\/wp\/v2\/posts"}],"about":[{"href":"https:\/\/covincennes.com\/index.php\/wp-json\/wp\/v2\/types\/post"}],"author":[{"embeddable":true,"href":"https:\/\/covincennes.com\/index.php\/wp-json\/wp\/v2\/users\/2"}],"replies":[{"embeddable":true,"href":"https:\/\/covincennes.com\/index.php\/wp-json\/wp\/v2\/comments?post=8323"}],"version-history":[{"count":1,"href":"https:\/\/covincennes.com\/index.php\/wp-json\/wp\/v2\/posts\/8323\/revisions"}],"predecessor-version":[{"id":8325,"href":"https:\/\/covincennes.com\/index.php\/wp-json\/wp\/v2\/posts\/8323\/revisions\/8325"}],"wp:featuredmedia":[{"embeddable":true,"href":"https:\/\/covincennes.com\/index.php\/wp-json\/wp\/v2\/media\/8324"}],"wp:attachment":[{"href":"https:\/\/covincennes.com\/index.php\/wp-json\/wp\/v2\/media?parent=8323"}],"wp:term":[{"taxonomy":"category","embeddable":true,"href":"https:\/\/covincennes.com\/index.php\/wp-json\/wp\/v2\/categories?post=8323"},{"taxonomy":"post_tag","embeddable":true,"href":"https:\/\/covincennes.com\/index.php\/wp-json\/wp\/v2\/tags?post=8323"}],"curies":[{"name":"wp","href":"https:\/\/api.w.org\/{rel}","templated":true}]}}