{"id":8386,"date":"2025-02-03T14:12:30","date_gmt":"2025-02-03T13:12:30","guid":{"rendered":"https:\/\/covincennes.com\/?p=8386"},"modified":"2025-02-09T23:28:24","modified_gmt":"2025-02-09T22:28:24","slug":"nos-seniors-a-enchainent-a-creteil","status":"publish","type":"post","link":"https:\/\/covincennes.com\/index.php\/2025\/02\/03\/nos-seniors-a-enchainent-a-creteil\/","title":{"rendered":"Nos s\u00e9niors A encha\u00eenent \u00e0 Cr\u00e9teil"},"content":{"rendered":"<p>Et de deux \u00e0 la suite pour nos s\u00e9niors A, une semaine apr\u00e8s avoir renou\u00e9 avec le succ\u00e8s contre La Garenne-Colombes.<\/p>\n<p>Cette fois, c&rsquo;est \u00e0 Cr\u00e9teil qu&rsquo;ils se sont impos\u00e9s, sur le m\u00eame score (2-1), mais pas avec le m\u00eame sc\u00e9nario. Au stade Dominique-Duvauchelle, les hommes de Carl ont d&rsquo;abord \u00e9t\u00e9 men\u00e9s 1-0 suite \u00e0 une grosse erreur d\u00e9fensive. Mais ils ont su revenir, par Obrad, d\u00e9cid\u00e9ment en grande forme, avant que \u00ab\u00a0capi\u00a0\u00bb Jonas ne signe le but de la victoire.<\/p>\n<p>Voil\u00e0 nos s\u00e9niors A propuls\u00e9s en t\u00eate du classement \u00e0 la faveur de la d\u00e9faite de Melun \u00e0 Villemomble, inattendue par son ampleur (5-0) et du nul des Lilas \u00e0 Drancy (2-2). Les Lilas qui comptent toutefois un match en retard, \u00e0 jouer \u00e0 domicile, le 16 f\u00e9vrier, contre Palaiseau.<\/p>\n<p>Dimanche prochain, c&rsquo;est pr\u00e9cis\u00e9ment Villemomble qui nous rendra visite. Une \u00e9quipe forc\u00e9ment en pleine confiance apr\u00e8s son exploit contre Melun.<\/p>\n<p>Pendant ce temps, nos s\u00e9niors B tenteront d&rsquo;encha\u00eener au M\u00e9e une quatri\u00e8me victoire, puisqu&rsquo;apr\u00e8s Viry et St-Michel, c&rsquo;est Massy qui a subi la loi des hommes de Willy. Un succ\u00e8s sur le m\u00eame score que celui des A (2-1) et ce pour le second dimanche cons\u00e9cutivement !<\/p>\n<p>Une victoire des B sign\u00e9e Yann et Logan, les deux buts sur des passes d\u00e9cisives de Mathis. A d\u00e9guster sur le r\u00e9sum\u00e9 sign\u00e9 Thomas !<\/p>\n<p class=\"responsive-video-wrap clr\"><iframe loading=\"lazy\" title=\"COV - MASSY : le re\u0301sume\u0301\" width=\"1200\" height=\"675\" src=\"https:\/\/www.youtube.com\/embed\/b5Reg_WmSXQ?feature=oembed\" frameborder=\"0\" allow=\"accelerometer; autoplay; clipboard-write; encrypted-media; gyroscope; picture-in-picture; web-share\" referrerpolicy=\"strict-origin-when-cross-origin\" allowfullscreen><\/iframe><\/p>\n","protected":false},"excerpt":{"rendered":"<p>Et de deux \u00e0 la suite pour nos s\u00e9niors A, une semaine apr\u00e8s avoir renou\u00e9 avec le succ\u00e8s contre La Garenne-Colombes. Cette fois, c&rsquo;est \u00e0 Cr\u00e9teil qu&rsquo;ils se sont impos\u00e9s, sur le m\u00eame score (2-1), mais pas avec le m\u00eame sc\u00e9nario. Au stade Dominique-Duvauchelle, les hommes de Carl ont d&rsquo;abord \u00e9t\u00e9 men\u00e9s 1-0 suite \u00e0 [&hellip;]<\/p>\n","protected":false},"author":2,"featured_media":8389,"comment_status":"open","ping_status":"open","sticky":false,"template":"","format":"standard","meta":{"_monsterinsights_skip_tracking":false,"_monsterinsights_sitenote_active":false,"_monsterinsights_sitenote_note":"","_monsterinsights_sitenote_category":0,"footnotes":""},"categories":[48],"tags":[],"class_list":["post-8386","post","type-post","status-publish","format-standard","has-post-thumbnail","hentry","category-a-la-une","entry","has-media"],"yoast_head":"<!-- This site is optimized with the Yoast SEO plugin v19.6.1 - https:\/\/yoast.com\/wordpress\/plugins\/seo\/ -->\n<title>Nos s\u00e9niors A encha\u00eenent \u00e0 Cr\u00e9teil - CO Vincennes<\/title>\n<meta name=\"robots\" content=\"index, follow, max-snippet:-1, max-image-preview:large, max-video-preview:-1\" \/>\n<link rel=\"canonical\" href=\"https:\/\/covincennes.com\/index.php\/2025\/02\/03\/nos-seniors-a-enchainent-a-creteil\/\" \/>\n<meta property=\"og:locale\" content=\"fr_FR\" \/>\n<meta property=\"og:type\" content=\"article\" \/>\n<meta property=\"og:title\" content=\"Nos s\u00e9niors A encha\u00eenent \u00e0 Cr\u00e9teil - CO Vincennes\" \/>\n<meta property=\"og:description\" content=\"Et de deux \u00e0 la suite pour nos s\u00e9niors A, une semaine apr\u00e8s avoir renou\u00e9 avec le succ\u00e8s contre La Garenne-Colombes. Cette fois, c&rsquo;est \u00e0 Cr\u00e9teil qu&rsquo;ils se sont impos\u00e9s, sur le m\u00eame score (2-1), mais pas avec le m\u00eame sc\u00e9nario. Au stade Dominique-Duvauchelle, les hommes de Carl ont d&rsquo;abord \u00e9t\u00e9 men\u00e9s 1-0 suite \u00e0 [&hellip;]\" \/>\n<meta property=\"og:url\" content=\"https:\/\/covincennes.com\/index.php\/2025\/02\/03\/nos-seniors-a-enchainent-a-creteil\/\" \/>\n<meta property=\"og:site_name\" content=\"CO Vincennes\" \/>\n<meta property=\"article:publisher\" content=\"https:\/\/www.facebook.com\/CO-VINCENNES-la-page-officielle-136021893155921\/\" \/>\n<meta property=\"article:published_time\" content=\"2025-02-03T13:12:30+00:00\" \/>\n<meta property=\"article:modified_time\" content=\"2025-02-09T22:28:24+00:00\" \/>\n<meta property=\"og:image\" content=\"https:\/\/covincennes.com\/wp-content\/uploads\/2025\/02\/Creteil-COV-redimensionnee.jpg\" \/>\n\t<meta property=\"og:image:width\" content=\"643\" \/>\n\t<meta property=\"og:image:height\" content=\"480\" \/>\n\t<meta property=\"og:image:type\" content=\"image\/jpeg\" \/>\n<meta name=\"author\" content=\"Cole Hibry\" \/>\n<meta name=\"twitter:card\" content=\"summary_large_image\" \/>\n<meta name=\"twitter:creator\" content=\"@covincennes\" \/>\n<meta name=\"twitter:site\" content=\"@covincennes\" \/>\n<meta name=\"twitter:label1\" content=\"\u00c9crit par\" \/>\n\t<meta name=\"twitter:data1\" content=\"Cole Hibry\" \/>\n\t<meta name=\"twitter:label2\" content=\"Dur\u00e9e de lecture estim\u00e9e\" \/>\n\t<meta name=\"twitter:data2\" content=\"2 minutes\" \/>\n<script type=\"application\/ld+json\" class=\"yoast-schema-graph\">{\"@context\":\"https:\/\/schema.org\",\"@graph\":[{\"@type\":\"Article\",\"@id\":\"https:\/\/covincennes.com\/index.php\/2025\/02\/03\/nos-seniors-a-enchainent-a-creteil\/#article\",\"isPartOf\":{\"@id\":\"https:\/\/covincennes.com\/index.php\/2025\/02\/03\/nos-seniors-a-enchainent-a-creteil\/\"},\"author\":{\"name\":\"Cole Hibry\",\"@id\":\"https:\/\/covincennes.com\/#\/schema\/person\/eb881824360af01aa016999e439303fe\"},\"headline\":\"Nos s\u00e9niors A encha\u00eenent \u00e0 Cr\u00e9teil\",\"datePublished\":\"2025-02-03T13:12:30+00:00\",\"dateModified\":\"2025-02-09T22:28:24+00:00\",\"mainEntityOfPage\":{\"@id\":\"https:\/\/covincennes.com\/index.php\/2025\/02\/03\/nos-seniors-a-enchainent-a-creteil\/\"},\"wordCount\":259,\"commentCount\":0,\"publisher\":{\"@id\":\"https:\/\/covincennes.com\/#organization\"},\"articleSection\":[\"\u00e0 la une\"],\"inLanguage\":\"fr-FR\",\"potentialAction\":[{\"@type\":\"CommentAction\",\"name\":\"Comment\",\"target\":[\"https:\/\/covincennes.com\/index.php\/2025\/02\/03\/nos-seniors-a-enchainent-a-creteil\/#respond\"]}]},{\"@type\":\"WebPage\",\"@id\":\"https:\/\/covincennes.com\/index.php\/2025\/02\/03\/nos-seniors-a-enchainent-a-creteil\/\",\"url\":\"https:\/\/covincennes.com\/index.php\/2025\/02\/03\/nos-seniors-a-enchainent-a-creteil\/\",\"name\":\"Nos s\u00e9niors A encha\u00eenent \u00e0 Cr\u00e9teil - CO Vincennes\",\"isPartOf\":{\"@id\":\"https:\/\/covincennes.com\/#website\"},\"datePublished\":\"2025-02-03T13:12:30+00:00\",\"dateModified\":\"2025-02-09T22:28:24+00:00\",\"breadcrumb\":{\"@id\":\"https:\/\/covincennes.com\/index.php\/2025\/02\/03\/nos-seniors-a-enchainent-a-creteil\/#breadcrumb\"},\"inLanguage\":\"fr-FR\",\"potentialAction\":[{\"@type\":\"ReadAction\",\"target\":[\"https:\/\/covincennes.com\/index.php\/2025\/02\/03\/nos-seniors-a-enchainent-a-creteil\/\"]}]},{\"@type\":\"BreadcrumbList\",\"@id\":\"https:\/\/covincennes.com\/index.php\/2025\/02\/03\/nos-seniors-a-enchainent-a-creteil\/#breadcrumb\",\"itemListElement\":[{\"@type\":\"ListItem\",\"position\":1,\"name\":\"Accueil\",\"item\":\"https:\/\/covincennes.com\/\"},{\"@type\":\"ListItem\",\"position\":2,\"name\":\"Nos s\u00e9niors A encha\u00eenent \u00e0 Cr\u00e9teil\"}]},{\"@type\":\"WebSite\",\"@id\":\"https:\/\/covincennes.com\/#website\",\"url\":\"https:\/\/covincennes.com\/\",\"name\":\"CO Vincennes\",\"description\":\"Un site utilisant WordPress\",\"publisher\":{\"@id\":\"https:\/\/covincennes.com\/#organization\"},\"potentialAction\":[{\"@type\":\"SearchAction\",\"target\":{\"@type\":\"EntryPoint\",\"urlTemplate\":\"https:\/\/covincennes.com\/?s={search_term_string}\"},\"query-input\":\"required name=search_term_string\"}],\"inLanguage\":\"fr-FR\"},{\"@type\":\"Organization\",\"@id\":\"https:\/\/covincennes.com\/#organization\",\"name\":\"CO Vincennes\",\"url\":\"https:\/\/covincennes.com\/\",\"sameAs\":[\"https:\/\/www.facebook.com\/CO-VINCENNES-la-page-officielle-136021893155921\/\",\"https:\/\/twitter.com\/covincennes\"],\"logo\":{\"@type\":\"ImageObject\",\"inLanguage\":\"fr-FR\",\"@id\":\"https:\/\/covincennes.com\/#\/schema\/logo\/image\/\",\"url\":\"https:\/\/covincennes.com\/wp-content\/uploads\/2019\/11\/logo-cov-png.png\",\"contentUrl\":\"https:\/\/covincennes.com\/wp-content\/uploads\/2019\/11\/logo-cov-png.png\",\"width\":495,\"height\":497,\"caption\":\"CO Vincennes\"},\"image\":{\"@id\":\"https:\/\/covincennes.com\/#\/schema\/logo\/image\/\"}},{\"@type\":\"Person\",\"@id\":\"https:\/\/covincennes.com\/#\/schema\/person\/eb881824360af01aa016999e439303fe\",\"name\":\"Cole Hibry\",\"image\":{\"@type\":\"ImageObject\",\"inLanguage\":\"fr-FR\",\"@id\":\"https:\/\/covincennes.com\/#\/schema\/person\/image\/\",\"url\":\"https:\/\/secure.gravatar.com\/avatar\/fdd68f914853e79675161dab52794fbe213aaa71837a3f83ab5d0669e81bb866?s=96&d=mm&r=g\",\"contentUrl\":\"https:\/\/secure.gravatar.com\/avatar\/fdd68f914853e79675161dab52794fbe213aaa71837a3f83ab5d0669e81bb866?s=96&d=mm&r=g\",\"caption\":\"Cole Hibry\"},\"url\":\"https:\/\/covincennes.com\/index.php\/author\/chevit-frederic\/\"}]}<\/script>\n<!-- \/ Yoast SEO plugin. -->","yoast_head_json":{"title":"Nos s\u00e9niors A encha\u00eenent \u00e0 Cr\u00e9teil - CO Vincennes","robots":{"index":"index","follow":"follow","max-snippet":"max-snippet:-1","max-image-preview":"max-image-preview:large","max-video-preview":"max-video-preview:-1"},"canonical":"https:\/\/covincennes.com\/index.php\/2025\/02\/03\/nos-seniors-a-enchainent-a-creteil\/","og_locale":"fr_FR","og_type":"article","og_title":"Nos s\u00e9niors A encha\u00eenent \u00e0 Cr\u00e9teil - CO Vincennes","og_description":"Et de deux \u00e0 la suite pour nos s\u00e9niors A, une semaine apr\u00e8s avoir renou\u00e9 avec le succ\u00e8s contre La Garenne-Colombes. Cette fois, c&rsquo;est \u00e0 Cr\u00e9teil qu&rsquo;ils se sont impos\u00e9s, sur le m\u00eame score (2-1), mais pas avec le m\u00eame sc\u00e9nario. Au stade Dominique-Duvauchelle, les hommes de Carl ont d&rsquo;abord \u00e9t\u00e9 men\u00e9s 1-0 suite \u00e0 [&hellip;]","og_url":"https:\/\/covincennes.com\/index.php\/2025\/02\/03\/nos-seniors-a-enchainent-a-creteil\/","og_site_name":"CO Vincennes","article_publisher":"https:\/\/www.facebook.com\/CO-VINCENNES-la-page-officielle-136021893155921\/","article_published_time":"2025-02-03T13:12:30+00:00","article_modified_time":"2025-02-09T22:28:24+00:00","og_image":[{"width":643,"height":480,"url":"https:\/\/covincennes.com\/wp-content\/uploads\/2025\/02\/Creteil-COV-redimensionnee.jpg","type":"image\/jpeg"}],"author":"Cole Hibry","twitter_card":"summary_large_image","twitter_creator":"@covincennes","twitter_site":"@covincennes","twitter_misc":{"\u00c9crit par":"Cole Hibry","Dur\u00e9e de lecture estim\u00e9e":"2 minutes"},"schema":{"@context":"https:\/\/schema.org","@graph":[{"@type":"Article","@id":"https:\/\/covincennes.com\/index.php\/2025\/02\/03\/nos-seniors-a-enchainent-a-creteil\/#article","isPartOf":{"@id":"https:\/\/covincennes.com\/index.php\/2025\/02\/03\/nos-seniors-a-enchainent-a-creteil\/"},"author":{"name":"Cole Hibry","@id":"https:\/\/covincennes.com\/#\/schema\/person\/eb881824360af01aa016999e439303fe"},"headline":"Nos s\u00e9niors A encha\u00eenent \u00e0 Cr\u00e9teil","datePublished":"2025-02-03T13:12:30+00:00","dateModified":"2025-02-09T22:28:24+00:00","mainEntityOfPage":{"@id":"https:\/\/covincennes.com\/index.php\/2025\/02\/03\/nos-seniors-a-enchainent-a-creteil\/"},"wordCount":259,"commentCount":0,"publisher":{"@id":"https:\/\/covincennes.com\/#organization"},"articleSection":["\u00e0 la une"],"inLanguage":"fr-FR","potentialAction":[{"@type":"CommentAction","name":"Comment","target":["https:\/\/covincennes.com\/index.php\/2025\/02\/03\/nos-seniors-a-enchainent-a-creteil\/#respond"]}]},{"@type":"WebPage","@id":"https:\/\/covincennes.com\/index.php\/2025\/02\/03\/nos-seniors-a-enchainent-a-creteil\/","url":"https:\/\/covincennes.com\/index.php\/2025\/02\/03\/nos-seniors-a-enchainent-a-creteil\/","name":"Nos s\u00e9niors A encha\u00eenent \u00e0 Cr\u00e9teil - CO Vincennes","isPartOf":{"@id":"https:\/\/covincennes.com\/#website"},"datePublished":"2025-02-03T13:12:30+00:00","dateModified":"2025-02-09T22:28:24+00:00","breadcrumb":{"@id":"https:\/\/covincennes.com\/index.php\/2025\/02\/03\/nos-seniors-a-enchainent-a-creteil\/#breadcrumb"},"inLanguage":"fr-FR","potentialAction":[{"@type":"ReadAction","target":["https:\/\/covincennes.com\/index.php\/2025\/02\/03\/nos-seniors-a-enchainent-a-creteil\/"]}]},{"@type":"BreadcrumbList","@id":"https:\/\/covincennes.com\/index.php\/2025\/02\/03\/nos-seniors-a-enchainent-a-creteil\/#breadcrumb","itemListElement":[{"@type":"ListItem","position":1,"name":"Accueil","item":"https:\/\/covincennes.com\/"},{"@type":"ListItem","position":2,"name":"Nos s\u00e9niors A encha\u00eenent \u00e0 Cr\u00e9teil"}]},{"@type":"WebSite","@id":"https:\/\/covincennes.com\/#website","url":"https:\/\/covincennes.com\/","name":"CO Vincennes","description":"Un site utilisant WordPress","publisher":{"@id":"https:\/\/covincennes.com\/#organization"},"potentialAction":[{"@type":"SearchAction","target":{"@type":"EntryPoint","urlTemplate":"https:\/\/covincennes.com\/?s={search_term_string}"},"query-input":"required name=search_term_string"}],"inLanguage":"fr-FR"},{"@type":"Organization","@id":"https:\/\/covincennes.com\/#organization","name":"CO Vincennes","url":"https:\/\/covincennes.com\/","sameAs":["https:\/\/www.facebook.com\/CO-VINCENNES-la-page-officielle-136021893155921\/","https:\/\/twitter.com\/covincennes"],"logo":{"@type":"ImageObject","inLanguage":"fr-FR","@id":"https:\/\/covincennes.com\/#\/schema\/logo\/image\/","url":"https:\/\/covincennes.com\/wp-content\/uploads\/2019\/11\/logo-cov-png.png","contentUrl":"https:\/\/covincennes.com\/wp-content\/uploads\/2019\/11\/logo-cov-png.png","width":495,"height":497,"caption":"CO Vincennes"},"image":{"@id":"https:\/\/covincennes.com\/#\/schema\/logo\/image\/"}},{"@type":"Person","@id":"https:\/\/covincennes.com\/#\/schema\/person\/eb881824360af01aa016999e439303fe","name":"Cole Hibry","image":{"@type":"ImageObject","inLanguage":"fr-FR","@id":"https:\/\/covincennes.com\/#\/schema\/person\/image\/","url":"https:\/\/secure.gravatar.com\/avatar\/fdd68f914853e79675161dab52794fbe213aaa71837a3f83ab5d0669e81bb866?s=96&d=mm&r=g","contentUrl":"https:\/\/secure.gravatar.com\/avatar\/fdd68f914853e79675161dab52794fbe213aaa71837a3f83ab5d0669e81bb866?s=96&d=mm&r=g","caption":"Cole Hibry"},"url":"https:\/\/covincennes.com\/index.php\/author\/chevit-frederic\/"}]}},"_links":{"self":[{"href":"https:\/\/covincennes.com\/index.php\/wp-json\/wp\/v2\/posts\/8386","targetHints":{"allow":["GET"]}}],"collection":[{"href":"https:\/\/covincennes.com\/index.php\/wp-json\/wp\/v2\/posts"}],"about":[{"href":"https:\/\/covincennes.com\/index.php\/wp-json\/wp\/v2\/types\/post"}],"author":[{"embeddable":true,"href":"https:\/\/covincennes.com\/index.php\/wp-json\/wp\/v2\/users\/2"}],"replies":[{"embeddable":true,"href":"https:\/\/covincennes.com\/index.php\/wp-json\/wp\/v2\/comments?post=8386"}],"version-history":[{"count":3,"href":"https:\/\/covincennes.com\/index.php\/wp-json\/wp\/v2\/posts\/8386\/revisions"}],"predecessor-version":[{"id":8403,"href":"https:\/\/covincennes.com\/index.php\/wp-json\/wp\/v2\/posts\/8386\/revisions\/8403"}],"wp:featuredmedia":[{"embeddable":true,"href":"https:\/\/covincennes.com\/index.php\/wp-json\/wp\/v2\/media\/8389"}],"wp:attachment":[{"href":"https:\/\/covincennes.com\/index.php\/wp-json\/wp\/v2\/media?parent=8386"}],"wp:term":[{"taxonomy":"category","embeddable":true,"href":"https:\/\/covincennes.com\/index.php\/wp-json\/wp\/v2\/categories?post=8386"},{"taxonomy":"post_tag","embeddable":true,"href":"https:\/\/covincennes.com\/index.php\/wp-json\/wp\/v2\/tags?post=8386"}],"curies":[{"name":"wp","href":"https:\/\/api.w.org\/{rel}","templated":true}]}}