{"id":8422,"date":"2025-02-16T23:45:05","date_gmt":"2025-02-16T22:45:05","guid":{"rendered":"https:\/\/covincennes.com\/?p=8422"},"modified":"2025-03-17T21:59:55","modified_gmt":"2025-03-17T20:59:55","slug":"nouveau-succes-de-nos-seniors-en-coupe-du-val-de-marne","status":"publish","type":"post","link":"https:\/\/covincennes.com\/index.php\/2025\/02\/16\/nouveau-succes-de-nos-seniors-en-coupe-du-val-de-marne\/","title":{"rendered":"Nouveau succ\u00e8s de nos s\u00e9niors en Coupe du Val de Marne"},"content":{"rendered":"<p>Apr\u00e8s Ivry, c&rsquo;est un autre gros morceau qui \u00e9tait propos\u00e9 \u00e0 nos s\u00e9niors en huiti\u00e8me de finale de la Coupe du Val de Marne : la B de Lusitanos St-Maur, la r\u00e9serve d&rsquo;une \u00e9quipe de National 3 qui caracole en t\u00eate de sa poule.<\/p>\n<p>Notre adversaire, lui, est dans le milieu de tableau de son groupe en championnat, en R2 comme nous.<\/p>\n<p>A l&rsquo;issue d&rsquo;un match plut\u00f4t ma\u00eetris\u00e9, que nous aurions pu perdre cependant sans des arr\u00eats d\u00e9cisifs de R\u00e9gis et \u00e0 cause d&rsquo;occasions immanquables manqu\u00e9es, mais que nous avons gagn\u00e9 1-0, nous voil\u00e0 qualifi\u00e9s pour les &#8230;quarts de finale, puisque nous sommes exempt\u00e9s des huiti\u00e8mes !<\/p>\n<p>C&rsquo;est \u00e0 Hattabiou, super-sub pour la seconde fois cons\u00e9cutivement, que le COV doit ce but. L&rsquo;autre point \u00e0 souligner, c&rsquo;est que l&rsquo;\u00e9quipe n&rsquo;a pas conc\u00e9d\u00e9 de but, ce qui n&rsquo;\u00e9tait plus arriv\u00e9 depuis le&#8230; 22 septembre et la victoire \u00e0 Igny !<\/p>\n<p class=\"responsive-video-wrap clr\"><iframe loading=\"lazy\" title=\"COV - Lusitanos St-Maur : le re\u0301sume\u0301\" width=\"1200\" height=\"675\" src=\"https:\/\/www.youtube.com\/embed\/XJGzWXR-WN4?feature=oembed\" frameborder=\"0\" allow=\"accelerometer; autoplay; clipboard-write; encrypted-media; gyroscope; picture-in-picture; web-share\" referrerpolicy=\"strict-origin-when-cross-origin\" allowfullscreen><\/iframe><\/p>\n","protected":false},"excerpt":{"rendered":"<p>Apr\u00e8s Ivry, c&rsquo;est un autre gros morceau qui \u00e9tait propos\u00e9 \u00e0 nos s\u00e9niors en huiti\u00e8me de finale de la Coupe du Val de Marne : la B de Lusitanos St-Maur, la r\u00e9serve d&rsquo;une \u00e9quipe de National 3 qui caracole en t\u00eate de sa poule. Notre adversaire, lui, est dans le milieu de tableau de son [&hellip;]<\/p>\n","protected":false},"author":2,"featured_media":8423,"comment_status":"open","ping_status":"open","sticky":false,"template":"","format":"standard","meta":{"_monsterinsights_skip_tracking":false,"_monsterinsights_sitenote_active":false,"_monsterinsights_sitenote_note":"","_monsterinsights_sitenote_category":0,"footnotes":""},"categories":[48],"tags":[],"class_list":["post-8422","post","type-post","status-publish","format-standard","has-post-thumbnail","hentry","category-a-la-une","entry","has-media"],"yoast_head":"<!-- This site is optimized with the Yoast SEO plugin v19.6.1 - https:\/\/yoast.com\/wordpress\/plugins\/seo\/ -->\n<title>Nouveau succ\u00e8s de nos s\u00e9niors en Coupe du Val de Marne - CO Vincennes<\/title>\n<meta name=\"robots\" content=\"index, follow, max-snippet:-1, max-image-preview:large, max-video-preview:-1\" \/>\n<link rel=\"canonical\" href=\"https:\/\/covincennes.com\/index.php\/2025\/02\/16\/nouveau-succes-de-nos-seniors-en-coupe-du-val-de-marne\/\" \/>\n<meta property=\"og:locale\" content=\"fr_FR\" \/>\n<meta property=\"og:type\" content=\"article\" \/>\n<meta property=\"og:title\" content=\"Nouveau succ\u00e8s de nos s\u00e9niors en Coupe du Val de Marne - CO Vincennes\" \/>\n<meta property=\"og:description\" content=\"Apr\u00e8s Ivry, c&rsquo;est un autre gros morceau qui \u00e9tait propos\u00e9 \u00e0 nos s\u00e9niors en huiti\u00e8me de finale de la Coupe du Val de Marne : la B de Lusitanos St-Maur, la r\u00e9serve d&rsquo;une \u00e9quipe de National 3 qui caracole en t\u00eate de sa poule. Notre adversaire, lui, est dans le milieu de tableau de son [&hellip;]\" \/>\n<meta property=\"og:url\" content=\"https:\/\/covincennes.com\/index.php\/2025\/02\/16\/nouveau-succes-de-nos-seniors-en-coupe-du-val-de-marne\/\" \/>\n<meta property=\"og:site_name\" content=\"CO Vincennes\" \/>\n<meta property=\"article:publisher\" content=\"https:\/\/www.facebook.com\/CO-VINCENNES-la-page-officielle-136021893155921\/\" \/>\n<meta property=\"article:published_time\" content=\"2025-02-16T22:45:05+00:00\" \/>\n<meta property=\"article:modified_time\" content=\"2025-03-17T20:59:55+00:00\" \/>\n<meta property=\"og:image\" content=\"https:\/\/covincennes.com\/wp-content\/uploads\/2025\/02\/COV-Lusitanos-St-Maur-redumensionnee.jpg\" \/>\n\t<meta property=\"og:image:width\" content=\"643\" \/>\n\t<meta property=\"og:image:height\" content=\"470\" \/>\n\t<meta property=\"og:image:type\" content=\"image\/jpeg\" \/>\n<meta name=\"author\" content=\"Cole Hibry\" \/>\n<meta name=\"twitter:card\" content=\"summary_large_image\" \/>\n<meta name=\"twitter:creator\" content=\"@covincennes\" \/>\n<meta name=\"twitter:site\" content=\"@covincennes\" \/>\n<meta name=\"twitter:label1\" content=\"\u00c9crit par\" \/>\n\t<meta name=\"twitter:data1\" content=\"Cole Hibry\" \/>\n\t<meta name=\"twitter:label2\" content=\"Dur\u00e9e de lecture estim\u00e9e\" \/>\n\t<meta name=\"twitter:data2\" content=\"1 minute\" \/>\n<script type=\"application\/ld+json\" class=\"yoast-schema-graph\">{\"@context\":\"https:\/\/schema.org\",\"@graph\":[{\"@type\":\"Article\",\"@id\":\"https:\/\/covincennes.com\/index.php\/2025\/02\/16\/nouveau-succes-de-nos-seniors-en-coupe-du-val-de-marne\/#article\",\"isPartOf\":{\"@id\":\"https:\/\/covincennes.com\/index.php\/2025\/02\/16\/nouveau-succes-de-nos-seniors-en-coupe-du-val-de-marne\/\"},\"author\":{\"name\":\"Cole Hibry\",\"@id\":\"https:\/\/covincennes.com\/#\/schema\/person\/eb881824360af01aa016999e439303fe\"},\"headline\":\"Nouveau succ\u00e8s de nos s\u00e9niors en Coupe du Val de Marne\",\"datePublished\":\"2025-02-16T22:45:05+00:00\",\"dateModified\":\"2025-03-17T20:59:55+00:00\",\"mainEntityOfPage\":{\"@id\":\"https:\/\/covincennes.com\/index.php\/2025\/02\/16\/nouveau-succes-de-nos-seniors-en-coupe-du-val-de-marne\/\"},\"wordCount\":174,\"commentCount\":0,\"publisher\":{\"@id\":\"https:\/\/covincennes.com\/#organization\"},\"articleSection\":[\"\u00e0 la une\"],\"inLanguage\":\"fr-FR\",\"potentialAction\":[{\"@type\":\"CommentAction\",\"name\":\"Comment\",\"target\":[\"https:\/\/covincennes.com\/index.php\/2025\/02\/16\/nouveau-succes-de-nos-seniors-en-coupe-du-val-de-marne\/#respond\"]}]},{\"@type\":\"WebPage\",\"@id\":\"https:\/\/covincennes.com\/index.php\/2025\/02\/16\/nouveau-succes-de-nos-seniors-en-coupe-du-val-de-marne\/\",\"url\":\"https:\/\/covincennes.com\/index.php\/2025\/02\/16\/nouveau-succes-de-nos-seniors-en-coupe-du-val-de-marne\/\",\"name\":\"Nouveau succ\u00e8s de nos s\u00e9niors en Coupe du Val de Marne - CO Vincennes\",\"isPartOf\":{\"@id\":\"https:\/\/covincennes.com\/#website\"},\"datePublished\":\"2025-02-16T22:45:05+00:00\",\"dateModified\":\"2025-03-17T20:59:55+00:00\",\"breadcrumb\":{\"@id\":\"https:\/\/covincennes.com\/index.php\/2025\/02\/16\/nouveau-succes-de-nos-seniors-en-coupe-du-val-de-marne\/#breadcrumb\"},\"inLanguage\":\"fr-FR\",\"potentialAction\":[{\"@type\":\"ReadAction\",\"target\":[\"https:\/\/covincennes.com\/index.php\/2025\/02\/16\/nouveau-succes-de-nos-seniors-en-coupe-du-val-de-marne\/\"]}]},{\"@type\":\"BreadcrumbList\",\"@id\":\"https:\/\/covincennes.com\/index.php\/2025\/02\/16\/nouveau-succes-de-nos-seniors-en-coupe-du-val-de-marne\/#breadcrumb\",\"itemListElement\":[{\"@type\":\"ListItem\",\"position\":1,\"name\":\"Accueil\",\"item\":\"https:\/\/covincennes.com\/\"},{\"@type\":\"ListItem\",\"position\":2,\"name\":\"Nouveau succ\u00e8s de nos s\u00e9niors en Coupe du Val de Marne\"}]},{\"@type\":\"WebSite\",\"@id\":\"https:\/\/covincennes.com\/#website\",\"url\":\"https:\/\/covincennes.com\/\",\"name\":\"CO Vincennes\",\"description\":\"Un site utilisant WordPress\",\"publisher\":{\"@id\":\"https:\/\/covincennes.com\/#organization\"},\"potentialAction\":[{\"@type\":\"SearchAction\",\"target\":{\"@type\":\"EntryPoint\",\"urlTemplate\":\"https:\/\/covincennes.com\/?s={search_term_string}\"},\"query-input\":\"required name=search_term_string\"}],\"inLanguage\":\"fr-FR\"},{\"@type\":\"Organization\",\"@id\":\"https:\/\/covincennes.com\/#organization\",\"name\":\"CO Vincennes\",\"url\":\"https:\/\/covincennes.com\/\",\"sameAs\":[\"https:\/\/www.facebook.com\/CO-VINCENNES-la-page-officielle-136021893155921\/\",\"https:\/\/twitter.com\/covincennes\"],\"logo\":{\"@type\":\"ImageObject\",\"inLanguage\":\"fr-FR\",\"@id\":\"https:\/\/covincennes.com\/#\/schema\/logo\/image\/\",\"url\":\"https:\/\/covincennes.com\/wp-content\/uploads\/2019\/11\/logo-cov-png.png\",\"contentUrl\":\"https:\/\/covincennes.com\/wp-content\/uploads\/2019\/11\/logo-cov-png.png\",\"width\":495,\"height\":497,\"caption\":\"CO Vincennes\"},\"image\":{\"@id\":\"https:\/\/covincennes.com\/#\/schema\/logo\/image\/\"}},{\"@type\":\"Person\",\"@id\":\"https:\/\/covincennes.com\/#\/schema\/person\/eb881824360af01aa016999e439303fe\",\"name\":\"Cole Hibry\",\"image\":{\"@type\":\"ImageObject\",\"inLanguage\":\"fr-FR\",\"@id\":\"https:\/\/covincennes.com\/#\/schema\/person\/image\/\",\"url\":\"https:\/\/secure.gravatar.com\/avatar\/fdd68f914853e79675161dab52794fbe213aaa71837a3f83ab5d0669e81bb866?s=96&d=mm&r=g\",\"contentUrl\":\"https:\/\/secure.gravatar.com\/avatar\/fdd68f914853e79675161dab52794fbe213aaa71837a3f83ab5d0669e81bb866?s=96&d=mm&r=g\",\"caption\":\"Cole Hibry\"},\"url\":\"https:\/\/covincennes.com\/index.php\/author\/chevit-frederic\/\"}]}<\/script>\n<!-- \/ Yoast SEO plugin. -->","yoast_head_json":{"title":"Nouveau succ\u00e8s de nos s\u00e9niors en Coupe du Val de Marne - CO Vincennes","robots":{"index":"index","follow":"follow","max-snippet":"max-snippet:-1","max-image-preview":"max-image-preview:large","max-video-preview":"max-video-preview:-1"},"canonical":"https:\/\/covincennes.com\/index.php\/2025\/02\/16\/nouveau-succes-de-nos-seniors-en-coupe-du-val-de-marne\/","og_locale":"fr_FR","og_type":"article","og_title":"Nouveau succ\u00e8s de nos s\u00e9niors en Coupe du Val de Marne - CO Vincennes","og_description":"Apr\u00e8s Ivry, c&rsquo;est un autre gros morceau qui \u00e9tait propos\u00e9 \u00e0 nos s\u00e9niors en huiti\u00e8me de finale de la Coupe du Val de Marne : la B de Lusitanos St-Maur, la r\u00e9serve d&rsquo;une \u00e9quipe de National 3 qui caracole en t\u00eate de sa poule. Notre adversaire, lui, est dans le milieu de tableau de son [&hellip;]","og_url":"https:\/\/covincennes.com\/index.php\/2025\/02\/16\/nouveau-succes-de-nos-seniors-en-coupe-du-val-de-marne\/","og_site_name":"CO Vincennes","article_publisher":"https:\/\/www.facebook.com\/CO-VINCENNES-la-page-officielle-136021893155921\/","article_published_time":"2025-02-16T22:45:05+00:00","article_modified_time":"2025-03-17T20:59:55+00:00","og_image":[{"width":643,"height":470,"url":"https:\/\/covincennes.com\/wp-content\/uploads\/2025\/02\/COV-Lusitanos-St-Maur-redumensionnee.jpg","type":"image\/jpeg"}],"author":"Cole Hibry","twitter_card":"summary_large_image","twitter_creator":"@covincennes","twitter_site":"@covincennes","twitter_misc":{"\u00c9crit par":"Cole Hibry","Dur\u00e9e de lecture estim\u00e9e":"1 minute"},"schema":{"@context":"https:\/\/schema.org","@graph":[{"@type":"Article","@id":"https:\/\/covincennes.com\/index.php\/2025\/02\/16\/nouveau-succes-de-nos-seniors-en-coupe-du-val-de-marne\/#article","isPartOf":{"@id":"https:\/\/covincennes.com\/index.php\/2025\/02\/16\/nouveau-succes-de-nos-seniors-en-coupe-du-val-de-marne\/"},"author":{"name":"Cole Hibry","@id":"https:\/\/covincennes.com\/#\/schema\/person\/eb881824360af01aa016999e439303fe"},"headline":"Nouveau succ\u00e8s de nos s\u00e9niors en Coupe du Val de Marne","datePublished":"2025-02-16T22:45:05+00:00","dateModified":"2025-03-17T20:59:55+00:00","mainEntityOfPage":{"@id":"https:\/\/covincennes.com\/index.php\/2025\/02\/16\/nouveau-succes-de-nos-seniors-en-coupe-du-val-de-marne\/"},"wordCount":174,"commentCount":0,"publisher":{"@id":"https:\/\/covincennes.com\/#organization"},"articleSection":["\u00e0 la une"],"inLanguage":"fr-FR","potentialAction":[{"@type":"CommentAction","name":"Comment","target":["https:\/\/covincennes.com\/index.php\/2025\/02\/16\/nouveau-succes-de-nos-seniors-en-coupe-du-val-de-marne\/#respond"]}]},{"@type":"WebPage","@id":"https:\/\/covincennes.com\/index.php\/2025\/02\/16\/nouveau-succes-de-nos-seniors-en-coupe-du-val-de-marne\/","url":"https:\/\/covincennes.com\/index.php\/2025\/02\/16\/nouveau-succes-de-nos-seniors-en-coupe-du-val-de-marne\/","name":"Nouveau succ\u00e8s de nos s\u00e9niors en Coupe du Val de Marne - CO Vincennes","isPartOf":{"@id":"https:\/\/covincennes.com\/#website"},"datePublished":"2025-02-16T22:45:05+00:00","dateModified":"2025-03-17T20:59:55+00:00","breadcrumb":{"@id":"https:\/\/covincennes.com\/index.php\/2025\/02\/16\/nouveau-succes-de-nos-seniors-en-coupe-du-val-de-marne\/#breadcrumb"},"inLanguage":"fr-FR","potentialAction":[{"@type":"ReadAction","target":["https:\/\/covincennes.com\/index.php\/2025\/02\/16\/nouveau-succes-de-nos-seniors-en-coupe-du-val-de-marne\/"]}]},{"@type":"BreadcrumbList","@id":"https:\/\/covincennes.com\/index.php\/2025\/02\/16\/nouveau-succes-de-nos-seniors-en-coupe-du-val-de-marne\/#breadcrumb","itemListElement":[{"@type":"ListItem","position":1,"name":"Accueil","item":"https:\/\/covincennes.com\/"},{"@type":"ListItem","position":2,"name":"Nouveau succ\u00e8s de nos s\u00e9niors en Coupe du Val de Marne"}]},{"@type":"WebSite","@id":"https:\/\/covincennes.com\/#website","url":"https:\/\/covincennes.com\/","name":"CO Vincennes","description":"Un site utilisant WordPress","publisher":{"@id":"https:\/\/covincennes.com\/#organization"},"potentialAction":[{"@type":"SearchAction","target":{"@type":"EntryPoint","urlTemplate":"https:\/\/covincennes.com\/?s={search_term_string}"},"query-input":"required name=search_term_string"}],"inLanguage":"fr-FR"},{"@type":"Organization","@id":"https:\/\/covincennes.com\/#organization","name":"CO Vincennes","url":"https:\/\/covincennes.com\/","sameAs":["https:\/\/www.facebook.com\/CO-VINCENNES-la-page-officielle-136021893155921\/","https:\/\/twitter.com\/covincennes"],"logo":{"@type":"ImageObject","inLanguage":"fr-FR","@id":"https:\/\/covincennes.com\/#\/schema\/logo\/image\/","url":"https:\/\/covincennes.com\/wp-content\/uploads\/2019\/11\/logo-cov-png.png","contentUrl":"https:\/\/covincennes.com\/wp-content\/uploads\/2019\/11\/logo-cov-png.png","width":495,"height":497,"caption":"CO Vincennes"},"image":{"@id":"https:\/\/covincennes.com\/#\/schema\/logo\/image\/"}},{"@type":"Person","@id":"https:\/\/covincennes.com\/#\/schema\/person\/eb881824360af01aa016999e439303fe","name":"Cole Hibry","image":{"@type":"ImageObject","inLanguage":"fr-FR","@id":"https:\/\/covincennes.com\/#\/schema\/person\/image\/","url":"https:\/\/secure.gravatar.com\/avatar\/fdd68f914853e79675161dab52794fbe213aaa71837a3f83ab5d0669e81bb866?s=96&d=mm&r=g","contentUrl":"https:\/\/secure.gravatar.com\/avatar\/fdd68f914853e79675161dab52794fbe213aaa71837a3f83ab5d0669e81bb866?s=96&d=mm&r=g","caption":"Cole Hibry"},"url":"https:\/\/covincennes.com\/index.php\/author\/chevit-frederic\/"}]}},"_links":{"self":[{"href":"https:\/\/covincennes.com\/index.php\/wp-json\/wp\/v2\/posts\/8422","targetHints":{"allow":["GET"]}}],"collection":[{"href":"https:\/\/covincennes.com\/index.php\/wp-json\/wp\/v2\/posts"}],"about":[{"href":"https:\/\/covincennes.com\/index.php\/wp-json\/wp\/v2\/types\/post"}],"author":[{"embeddable":true,"href":"https:\/\/covincennes.com\/index.php\/wp-json\/wp\/v2\/users\/2"}],"replies":[{"embeddable":true,"href":"https:\/\/covincennes.com\/index.php\/wp-json\/wp\/v2\/comments?post=8422"}],"version-history":[{"count":3,"href":"https:\/\/covincennes.com\/index.php\/wp-json\/wp\/v2\/posts\/8422\/revisions"}],"predecessor-version":[{"id":8445,"href":"https:\/\/covincennes.com\/index.php\/wp-json\/wp\/v2\/posts\/8422\/revisions\/8445"}],"wp:featuredmedia":[{"embeddable":true,"href":"https:\/\/covincennes.com\/index.php\/wp-json\/wp\/v2\/media\/8423"}],"wp:attachment":[{"href":"https:\/\/covincennes.com\/index.php\/wp-json\/wp\/v2\/media?parent=8422"}],"wp:term":[{"taxonomy":"category","embeddable":true,"href":"https:\/\/covincennes.com\/index.php\/wp-json\/wp\/v2\/categories?post=8422"},{"taxonomy":"post_tag","embeddable":true,"href":"https:\/\/covincennes.com\/index.php\/wp-json\/wp\/v2\/tags?post=8422"}],"curies":[{"name":"wp","href":"https:\/\/api.w.org\/{rel}","templated":true}]}}