{"id":8509,"date":"2025-03-17T22:40:07","date_gmt":"2025-03-17T21:40:07","guid":{"rendered":"https:\/\/covincennes.com\/?p=8509"},"modified":"2025-04-01T01:58:43","modified_gmt":"2025-03-31T23:58:43","slug":"nos-seniors-a-renouent-avec-la-victoire-2","status":"publish","type":"post","link":"https:\/\/covincennes.com\/index.php\/2025\/03\/17\/nos-seniors-a-renouent-avec-la-victoire-2\/","title":{"rendered":"Nos s\u00e9niors A renouent avec la victoire"},"content":{"rendered":"<p>Apr\u00e8s avoir marqu\u00e9 le pas &#8211; match nul contre Villemomble et d\u00e9faite \u00e0 Melun &#8211; nos s\u00e9niors A ont retrouv\u00e9 le chemin du succ\u00e8s, au Perreux, \u00e0 l&rsquo;issue d&rsquo;un match \u00e0 rebondissements (3-2).<\/p>\n<p>Menant 1-0 sur un but de Maxence, les hommes de Carl se sont d&rsquo;abord fait rejoindre sur un coup franc avant d&rsquo;\u00eatre men\u00e9s au score. Mais Maxence s&rsquo;offrait un doubl\u00e9 et l&rsquo;\u00e9galisation \u00e0 2-2, puis Moriba donnait l&rsquo;avantage au COV avant la mi-temps.<\/p>\n<p>Un penalty aurait pu permettre au Perreux d&rsquo;\u00e9galiser ; c&rsquo;\u00e9tait compter sans Benjamin, qui arr\u00eatait la tentative perreuxienne.<\/p>\n<p>Comme nos rivaux directs, Melun et Les Lilas, ont gagn\u00e9 eux aussi, nos s\u00e9niors ne leur ont rien repris, mais ils restent dans le coup dans cette lutte pour la mont\u00e9e qui s&rsquo;annonce incertaine et passionnante.<\/p>\n","protected":false},"excerpt":{"rendered":"<p>Apr\u00e8s avoir marqu\u00e9 le pas &#8211; match nul contre Villemomble et d\u00e9faite \u00e0 Melun &#8211; nos s\u00e9niors A ont retrouv\u00e9 le chemin du succ\u00e8s, au Perreux, \u00e0 l&rsquo;issue d&rsquo;un match \u00e0 rebondissements (3-2). Menant 1-0 sur un but de Maxence, les hommes de Carl se sont d&rsquo;abord fait rejoindre sur un coup franc avant d&rsquo;\u00eatre [&hellip;]<\/p>\n","protected":false},"author":2,"featured_media":8510,"comment_status":"open","ping_status":"open","sticky":false,"template":"","format":"standard","meta":{"_monsterinsights_skip_tracking":false,"_monsterinsights_sitenote_active":false,"_monsterinsights_sitenote_note":"","_monsterinsights_sitenote_category":0,"footnotes":""},"categories":[48],"tags":[],"class_list":["post-8509","post","type-post","status-publish","format-standard","has-post-thumbnail","hentry","category-a-la-une","entry","has-media"],"yoast_head":"<!-- This site is optimized with the Yoast SEO plugin v19.6.1 - https:\/\/yoast.com\/wordpress\/plugins\/seo\/ -->\n<title>Nos s\u00e9niors A renouent avec la victoire - CO Vincennes<\/title>\n<meta name=\"robots\" content=\"index, follow, max-snippet:-1, max-image-preview:large, max-video-preview:-1\" \/>\n<link rel=\"canonical\" href=\"https:\/\/covincennes.com\/index.php\/2025\/03\/17\/nos-seniors-a-renouent-avec-la-victoire-2\/\" \/>\n<meta property=\"og:locale\" content=\"fr_FR\" \/>\n<meta property=\"og:type\" content=\"article\" \/>\n<meta property=\"og:title\" content=\"Nos s\u00e9niors A renouent avec la victoire - CO Vincennes\" \/>\n<meta property=\"og:description\" content=\"Apr\u00e8s avoir marqu\u00e9 le pas &#8211; match nul contre Villemomble et d\u00e9faite \u00e0 Melun &#8211; nos s\u00e9niors A ont retrouv\u00e9 le chemin du succ\u00e8s, au Perreux, \u00e0 l&rsquo;issue d&rsquo;un match \u00e0 rebondissements (3-2). Menant 1-0 sur un but de Maxence, les hommes de Carl se sont d&rsquo;abord fait rejoindre sur un coup franc avant d&rsquo;\u00eatre [&hellip;]\" \/>\n<meta property=\"og:url\" content=\"https:\/\/covincennes.com\/index.php\/2025\/03\/17\/nos-seniors-a-renouent-avec-la-victoire-2\/\" \/>\n<meta property=\"og:site_name\" content=\"CO Vincennes\" \/>\n<meta property=\"article:publisher\" content=\"https:\/\/www.facebook.com\/CO-VINCENNES-la-page-officielle-136021893155921\/\" \/>\n<meta property=\"article:published_time\" content=\"2025-03-17T21:40:07+00:00\" \/>\n<meta property=\"article:modified_time\" content=\"2025-03-31T23:58:43+00:00\" \/>\n<meta property=\"og:image\" content=\"https:\/\/covincennes.com\/wp-content\/uploads\/2025\/03\/Photo-Le-Perreux-redimensionnee.jpg\" \/>\n\t<meta property=\"og:image:width\" content=\"643\" \/>\n\t<meta property=\"og:image:height\" content=\"480\" \/>\n\t<meta property=\"og:image:type\" content=\"image\/jpeg\" \/>\n<meta name=\"author\" content=\"Cole Hibry\" \/>\n<meta name=\"twitter:card\" content=\"summary_large_image\" \/>\n<meta name=\"twitter:creator\" content=\"@covincennes\" \/>\n<meta name=\"twitter:site\" content=\"@covincennes\" \/>\n<meta name=\"twitter:label1\" content=\"\u00c9crit par\" \/>\n\t<meta name=\"twitter:data1\" content=\"Cole Hibry\" \/>\n\t<meta name=\"twitter:label2\" content=\"Dur\u00e9e de lecture estim\u00e9e\" \/>\n\t<meta name=\"twitter:data2\" content=\"1 minute\" \/>\n<script type=\"application\/ld+json\" class=\"yoast-schema-graph\">{\"@context\":\"https:\/\/schema.org\",\"@graph\":[{\"@type\":\"Article\",\"@id\":\"https:\/\/covincennes.com\/index.php\/2025\/03\/17\/nos-seniors-a-renouent-avec-la-victoire-2\/#article\",\"isPartOf\":{\"@id\":\"https:\/\/covincennes.com\/index.php\/2025\/03\/17\/nos-seniors-a-renouent-avec-la-victoire-2\/\"},\"author\":{\"name\":\"Cole Hibry\",\"@id\":\"https:\/\/covincennes.com\/#\/schema\/person\/eb881824360af01aa016999e439303fe\"},\"headline\":\"Nos s\u00e9niors A renouent avec la victoire\",\"datePublished\":\"2025-03-17T21:40:07+00:00\",\"dateModified\":\"2025-03-31T23:58:43+00:00\",\"mainEntityOfPage\":{\"@id\":\"https:\/\/covincennes.com\/index.php\/2025\/03\/17\/nos-seniors-a-renouent-avec-la-victoire-2\/\"},\"wordCount\":145,\"commentCount\":0,\"publisher\":{\"@id\":\"https:\/\/covincennes.com\/#organization\"},\"articleSection\":[\"\u00e0 la une\"],\"inLanguage\":\"fr-FR\",\"potentialAction\":[{\"@type\":\"CommentAction\",\"name\":\"Comment\",\"target\":[\"https:\/\/covincennes.com\/index.php\/2025\/03\/17\/nos-seniors-a-renouent-avec-la-victoire-2\/#respond\"]}]},{\"@type\":\"WebPage\",\"@id\":\"https:\/\/covincennes.com\/index.php\/2025\/03\/17\/nos-seniors-a-renouent-avec-la-victoire-2\/\",\"url\":\"https:\/\/covincennes.com\/index.php\/2025\/03\/17\/nos-seniors-a-renouent-avec-la-victoire-2\/\",\"name\":\"Nos s\u00e9niors A renouent avec la victoire - CO Vincennes\",\"isPartOf\":{\"@id\":\"https:\/\/covincennes.com\/#website\"},\"datePublished\":\"2025-03-17T21:40:07+00:00\",\"dateModified\":\"2025-03-31T23:58:43+00:00\",\"breadcrumb\":{\"@id\":\"https:\/\/covincennes.com\/index.php\/2025\/03\/17\/nos-seniors-a-renouent-avec-la-victoire-2\/#breadcrumb\"},\"inLanguage\":\"fr-FR\",\"potentialAction\":[{\"@type\":\"ReadAction\",\"target\":[\"https:\/\/covincennes.com\/index.php\/2025\/03\/17\/nos-seniors-a-renouent-avec-la-victoire-2\/\"]}]},{\"@type\":\"BreadcrumbList\",\"@id\":\"https:\/\/covincennes.com\/index.php\/2025\/03\/17\/nos-seniors-a-renouent-avec-la-victoire-2\/#breadcrumb\",\"itemListElement\":[{\"@type\":\"ListItem\",\"position\":1,\"name\":\"Accueil\",\"item\":\"https:\/\/covincennes.com\/\"},{\"@type\":\"ListItem\",\"position\":2,\"name\":\"Nos s\u00e9niors A renouent avec la victoire\"}]},{\"@type\":\"WebSite\",\"@id\":\"https:\/\/covincennes.com\/#website\",\"url\":\"https:\/\/covincennes.com\/\",\"name\":\"CO Vincennes\",\"description\":\"Un site utilisant WordPress\",\"publisher\":{\"@id\":\"https:\/\/covincennes.com\/#organization\"},\"potentialAction\":[{\"@type\":\"SearchAction\",\"target\":{\"@type\":\"EntryPoint\",\"urlTemplate\":\"https:\/\/covincennes.com\/?s={search_term_string}\"},\"query-input\":\"required name=search_term_string\"}],\"inLanguage\":\"fr-FR\"},{\"@type\":\"Organization\",\"@id\":\"https:\/\/covincennes.com\/#organization\",\"name\":\"CO Vincennes\",\"url\":\"https:\/\/covincennes.com\/\",\"sameAs\":[\"https:\/\/www.facebook.com\/CO-VINCENNES-la-page-officielle-136021893155921\/\",\"https:\/\/twitter.com\/covincennes\"],\"logo\":{\"@type\":\"ImageObject\",\"inLanguage\":\"fr-FR\",\"@id\":\"https:\/\/covincennes.com\/#\/schema\/logo\/image\/\",\"url\":\"https:\/\/covincennes.com\/wp-content\/uploads\/2019\/11\/logo-cov-png.png\",\"contentUrl\":\"https:\/\/covincennes.com\/wp-content\/uploads\/2019\/11\/logo-cov-png.png\",\"width\":495,\"height\":497,\"caption\":\"CO Vincennes\"},\"image\":{\"@id\":\"https:\/\/covincennes.com\/#\/schema\/logo\/image\/\"}},{\"@type\":\"Person\",\"@id\":\"https:\/\/covincennes.com\/#\/schema\/person\/eb881824360af01aa016999e439303fe\",\"name\":\"Cole Hibry\",\"image\":{\"@type\":\"ImageObject\",\"inLanguage\":\"fr-FR\",\"@id\":\"https:\/\/covincennes.com\/#\/schema\/person\/image\/\",\"url\":\"https:\/\/secure.gravatar.com\/avatar\/fdd68f914853e79675161dab52794fbe213aaa71837a3f83ab5d0669e81bb866?s=96&d=mm&r=g\",\"contentUrl\":\"https:\/\/secure.gravatar.com\/avatar\/fdd68f914853e79675161dab52794fbe213aaa71837a3f83ab5d0669e81bb866?s=96&d=mm&r=g\",\"caption\":\"Cole Hibry\"},\"url\":\"https:\/\/covincennes.com\/index.php\/author\/chevit-frederic\/\"}]}<\/script>\n<!-- \/ Yoast SEO plugin. -->","yoast_head_json":{"title":"Nos s\u00e9niors A renouent avec la victoire - CO Vincennes","robots":{"index":"index","follow":"follow","max-snippet":"max-snippet:-1","max-image-preview":"max-image-preview:large","max-video-preview":"max-video-preview:-1"},"canonical":"https:\/\/covincennes.com\/index.php\/2025\/03\/17\/nos-seniors-a-renouent-avec-la-victoire-2\/","og_locale":"fr_FR","og_type":"article","og_title":"Nos s\u00e9niors A renouent avec la victoire - CO Vincennes","og_description":"Apr\u00e8s avoir marqu\u00e9 le pas &#8211; match nul contre Villemomble et d\u00e9faite \u00e0 Melun &#8211; nos s\u00e9niors A ont retrouv\u00e9 le chemin du succ\u00e8s, au Perreux, \u00e0 l&rsquo;issue d&rsquo;un match \u00e0 rebondissements (3-2). Menant 1-0 sur un but de Maxence, les hommes de Carl se sont d&rsquo;abord fait rejoindre sur un coup franc avant d&rsquo;\u00eatre [&hellip;]","og_url":"https:\/\/covincennes.com\/index.php\/2025\/03\/17\/nos-seniors-a-renouent-avec-la-victoire-2\/","og_site_name":"CO Vincennes","article_publisher":"https:\/\/www.facebook.com\/CO-VINCENNES-la-page-officielle-136021893155921\/","article_published_time":"2025-03-17T21:40:07+00:00","article_modified_time":"2025-03-31T23:58:43+00:00","og_image":[{"width":643,"height":480,"url":"https:\/\/covincennes.com\/wp-content\/uploads\/2025\/03\/Photo-Le-Perreux-redimensionnee.jpg","type":"image\/jpeg"}],"author":"Cole Hibry","twitter_card":"summary_large_image","twitter_creator":"@covincennes","twitter_site":"@covincennes","twitter_misc":{"\u00c9crit par":"Cole Hibry","Dur\u00e9e de lecture estim\u00e9e":"1 minute"},"schema":{"@context":"https:\/\/schema.org","@graph":[{"@type":"Article","@id":"https:\/\/covincennes.com\/index.php\/2025\/03\/17\/nos-seniors-a-renouent-avec-la-victoire-2\/#article","isPartOf":{"@id":"https:\/\/covincennes.com\/index.php\/2025\/03\/17\/nos-seniors-a-renouent-avec-la-victoire-2\/"},"author":{"name":"Cole Hibry","@id":"https:\/\/covincennes.com\/#\/schema\/person\/eb881824360af01aa016999e439303fe"},"headline":"Nos s\u00e9niors A renouent avec la victoire","datePublished":"2025-03-17T21:40:07+00:00","dateModified":"2025-03-31T23:58:43+00:00","mainEntityOfPage":{"@id":"https:\/\/covincennes.com\/index.php\/2025\/03\/17\/nos-seniors-a-renouent-avec-la-victoire-2\/"},"wordCount":145,"commentCount":0,"publisher":{"@id":"https:\/\/covincennes.com\/#organization"},"articleSection":["\u00e0 la une"],"inLanguage":"fr-FR","potentialAction":[{"@type":"CommentAction","name":"Comment","target":["https:\/\/covincennes.com\/index.php\/2025\/03\/17\/nos-seniors-a-renouent-avec-la-victoire-2\/#respond"]}]},{"@type":"WebPage","@id":"https:\/\/covincennes.com\/index.php\/2025\/03\/17\/nos-seniors-a-renouent-avec-la-victoire-2\/","url":"https:\/\/covincennes.com\/index.php\/2025\/03\/17\/nos-seniors-a-renouent-avec-la-victoire-2\/","name":"Nos s\u00e9niors A renouent avec la victoire - CO Vincennes","isPartOf":{"@id":"https:\/\/covincennes.com\/#website"},"datePublished":"2025-03-17T21:40:07+00:00","dateModified":"2025-03-31T23:58:43+00:00","breadcrumb":{"@id":"https:\/\/covincennes.com\/index.php\/2025\/03\/17\/nos-seniors-a-renouent-avec-la-victoire-2\/#breadcrumb"},"inLanguage":"fr-FR","potentialAction":[{"@type":"ReadAction","target":["https:\/\/covincennes.com\/index.php\/2025\/03\/17\/nos-seniors-a-renouent-avec-la-victoire-2\/"]}]},{"@type":"BreadcrumbList","@id":"https:\/\/covincennes.com\/index.php\/2025\/03\/17\/nos-seniors-a-renouent-avec-la-victoire-2\/#breadcrumb","itemListElement":[{"@type":"ListItem","position":1,"name":"Accueil","item":"https:\/\/covincennes.com\/"},{"@type":"ListItem","position":2,"name":"Nos s\u00e9niors A renouent avec la victoire"}]},{"@type":"WebSite","@id":"https:\/\/covincennes.com\/#website","url":"https:\/\/covincennes.com\/","name":"CO Vincennes","description":"Un site utilisant WordPress","publisher":{"@id":"https:\/\/covincennes.com\/#organization"},"potentialAction":[{"@type":"SearchAction","target":{"@type":"EntryPoint","urlTemplate":"https:\/\/covincennes.com\/?s={search_term_string}"},"query-input":"required name=search_term_string"}],"inLanguage":"fr-FR"},{"@type":"Organization","@id":"https:\/\/covincennes.com\/#organization","name":"CO Vincennes","url":"https:\/\/covincennes.com\/","sameAs":["https:\/\/www.facebook.com\/CO-VINCENNES-la-page-officielle-136021893155921\/","https:\/\/twitter.com\/covincennes"],"logo":{"@type":"ImageObject","inLanguage":"fr-FR","@id":"https:\/\/covincennes.com\/#\/schema\/logo\/image\/","url":"https:\/\/covincennes.com\/wp-content\/uploads\/2019\/11\/logo-cov-png.png","contentUrl":"https:\/\/covincennes.com\/wp-content\/uploads\/2019\/11\/logo-cov-png.png","width":495,"height":497,"caption":"CO Vincennes"},"image":{"@id":"https:\/\/covincennes.com\/#\/schema\/logo\/image\/"}},{"@type":"Person","@id":"https:\/\/covincennes.com\/#\/schema\/person\/eb881824360af01aa016999e439303fe","name":"Cole Hibry","image":{"@type":"ImageObject","inLanguage":"fr-FR","@id":"https:\/\/covincennes.com\/#\/schema\/person\/image\/","url":"https:\/\/secure.gravatar.com\/avatar\/fdd68f914853e79675161dab52794fbe213aaa71837a3f83ab5d0669e81bb866?s=96&d=mm&r=g","contentUrl":"https:\/\/secure.gravatar.com\/avatar\/fdd68f914853e79675161dab52794fbe213aaa71837a3f83ab5d0669e81bb866?s=96&d=mm&r=g","caption":"Cole Hibry"},"url":"https:\/\/covincennes.com\/index.php\/author\/chevit-frederic\/"}]}},"_links":{"self":[{"href":"https:\/\/covincennes.com\/index.php\/wp-json\/wp\/v2\/posts\/8509","targetHints":{"allow":["GET"]}}],"collection":[{"href":"https:\/\/covincennes.com\/index.php\/wp-json\/wp\/v2\/posts"}],"about":[{"href":"https:\/\/covincennes.com\/index.php\/wp-json\/wp\/v2\/types\/post"}],"author":[{"embeddable":true,"href":"https:\/\/covincennes.com\/index.php\/wp-json\/wp\/v2\/users\/2"}],"replies":[{"embeddable":true,"href":"https:\/\/covincennes.com\/index.php\/wp-json\/wp\/v2\/comments?post=8509"}],"version-history":[{"count":2,"href":"https:\/\/covincennes.com\/index.php\/wp-json\/wp\/v2\/posts\/8509\/revisions"}],"predecessor-version":[{"id":8521,"href":"https:\/\/covincennes.com\/index.php\/wp-json\/wp\/v2\/posts\/8509\/revisions\/8521"}],"wp:featuredmedia":[{"embeddable":true,"href":"https:\/\/covincennes.com\/index.php\/wp-json\/wp\/v2\/media\/8510"}],"wp:attachment":[{"href":"https:\/\/covincennes.com\/index.php\/wp-json\/wp\/v2\/media?parent=8509"}],"wp:term":[{"taxonomy":"category","embeddable":true,"href":"https:\/\/covincennes.com\/index.php\/wp-json\/wp\/v2\/categories?post=8509"},{"taxonomy":"post_tag","embeddable":true,"href":"https:\/\/covincennes.com\/index.php\/wp-json\/wp\/v2\/tags?post=8509"}],"curies":[{"name":"wp","href":"https:\/\/api.w.org\/{rel}","templated":true}]}}