{"id":8545,"date":"2025-04-01T02:25:57","date_gmt":"2025-04-01T00:25:57","guid":{"rendered":"https:\/\/covincennes.com\/?p=8545"},"modified":"2025-04-10T11:14:21","modified_gmt":"2025-04-10T09:14:21","slug":"cest-officiel-des-championnats-mixtes-des-la-saison-prochaine","status":"publish","type":"post","link":"https:\/\/covincennes.com\/index.php\/2025\/04\/01\/cest-officiel-des-championnats-mixtes-des-la-saison-prochaine\/","title":{"rendered":"C&rsquo;est officiel : des championnats mixtes d\u00e8s la saison prochaine !"},"content":{"rendered":"<p>L&rsquo;id\u00e9e germait depuis longtemps, mais c&rsquo;est aujourd&rsquo;hui officiel : d\u00e8s la saison 2025-2026, il y aura des championnats mixtes dans toutes les cat\u00e9gories, chez les jeunes mais aussi en s\u00e9niors et m\u00eame en v\u00e9t\u00e9rans.<\/p>\n<p>La d\u00e9cision, prise par la FFF avec l&rsquo;accord de la FIFA et de l&rsquo;UEFA, sans parler du soutien du Minist\u00e8re des Sports, s&rsquo;inscrit dans le cadre de la volont\u00e9 de soutenir le d\u00e9veloppement du football f\u00e9minin et de la recherche de la parit\u00e9 dans tous les domaines.<\/p>\n<p>Concr\u00e8tement, les \u00e9quipes seront compos\u00e9es de douze personnes sur le terrain &#8211; six de chaque sexe &#8211; et de quatre sur le banc &#8211; deux de chaque sexe. Un gar\u00e7on pourra \u00eatre indiff\u00e9remment remplac\u00e9 par un gar\u00e7on ou par une fille, mais une fille ne pourra \u00eatre remplac\u00e9e que par une fille. Et dans tous les championnats, les remplac\u00e9(e)s deviendront rempla\u00e7ant(e)s.<\/p>\n<p>Seuls les clubs qui ont, cette saison, une section f\u00e9minine active pourront inscrire des \u00e9quipes dans ces championnats mixtes. La premi\u00e8re saison, la hi\u00e9rarchie sera d\u00e9termin\u00e9e en tenant compte du classement final en 24-25 de toutes les \u00e9quipes, masculines et f\u00e9minines, dans chacune des cat\u00e9gories.<\/p>\n<p>A noter enfin un am\u00e9nagement des lois du jeu : les tacles seront interdits et les charges physiques devront rester \u00ab\u00a0raisonnables\u00a0\u00bb. Reste \u00e0 d\u00e9finir o\u00f9 se situent les limites&#8230;<\/p>\n<p><span style=\"color: #0000ff;\"><strong>C&rsquo;\u00e9tait donc un poisson d&rsquo;avril, mais pas forc\u00e9ment une mauvaise id\u00e9e. A l&rsquo;image du Foot en Marchant, les matches mixtes pourraient \u00eatre une nouvelle forme de pratique, avec des championnats sans classement, comme en v\u00e9t\u00e9rans + de 45 ans.\u00a0<\/strong><\/span><\/p>\n<p><span style=\"color: #0000ff;\"><strong>Si dans cinq ans, dix ans, \u00e7a voit le jour, vous vous souviendrez du poisson d&rsquo;avril 2025 du CO Vincennes !<\/strong><\/span><\/p>\n<p>&nbsp;<\/p>\n","protected":false},"excerpt":{"rendered":"<p>L&rsquo;id\u00e9e germait depuis longtemps, mais c&rsquo;est aujourd&rsquo;hui officiel : d\u00e8s la saison 2025-2026, il y aura des championnats mixtes dans toutes les cat\u00e9gories, chez les jeunes mais aussi en s\u00e9niors et m\u00eame en v\u00e9t\u00e9rans. La d\u00e9cision, prise par la FFF avec l&rsquo;accord de la FIFA et de l&rsquo;UEFA, sans parler du soutien du Minist\u00e8re des [&hellip;]<\/p>\n","protected":false},"author":2,"featured_media":8549,"comment_status":"open","ping_status":"open","sticky":false,"template":"","format":"standard","meta":{"_monsterinsights_skip_tracking":false,"_monsterinsights_sitenote_active":false,"_monsterinsights_sitenote_note":"","_monsterinsights_sitenote_category":0,"footnotes":""},"categories":[48],"tags":[],"class_list":["post-8545","post","type-post","status-publish","format-standard","has-post-thumbnail","hentry","category-a-la-une","entry","has-media"],"yoast_head":"<!-- This site is optimized with the Yoast SEO plugin v19.6.1 - https:\/\/yoast.com\/wordpress\/plugins\/seo\/ -->\n<title>C&#039;est officiel : des championnats mixtes d\u00e8s la saison prochaine ! - CO Vincennes<\/title>\n<meta name=\"robots\" content=\"index, follow, max-snippet:-1, max-image-preview:large, max-video-preview:-1\" \/>\n<link rel=\"canonical\" href=\"https:\/\/covincennes.com\/index.php\/2025\/04\/01\/cest-officiel-des-championnats-mixtes-des-la-saison-prochaine\/\" \/>\n<meta property=\"og:locale\" content=\"fr_FR\" \/>\n<meta property=\"og:type\" content=\"article\" \/>\n<meta property=\"og:title\" content=\"C&#039;est officiel : des championnats mixtes d\u00e8s la saison prochaine ! - CO Vincennes\" \/>\n<meta property=\"og:description\" content=\"L&rsquo;id\u00e9e germait depuis longtemps, mais c&rsquo;est aujourd&rsquo;hui officiel : d\u00e8s la saison 2025-2026, il y aura des championnats mixtes dans toutes les cat\u00e9gories, chez les jeunes mais aussi en s\u00e9niors et m\u00eame en v\u00e9t\u00e9rans. La d\u00e9cision, prise par la FFF avec l&rsquo;accord de la FIFA et de l&rsquo;UEFA, sans parler du soutien du Minist\u00e8re des [&hellip;]\" \/>\n<meta property=\"og:url\" content=\"https:\/\/covincennes.com\/index.php\/2025\/04\/01\/cest-officiel-des-championnats-mixtes-des-la-saison-prochaine\/\" \/>\n<meta property=\"og:site_name\" content=\"CO Vincennes\" \/>\n<meta property=\"article:publisher\" content=\"https:\/\/www.facebook.com\/CO-VINCENNES-la-page-officielle-136021893155921\/\" \/>\n<meta property=\"article:published_time\" content=\"2025-04-01T00:25:57+00:00\" \/>\n<meta property=\"article:modified_time\" content=\"2025-04-10T09:14:21+00:00\" \/>\n<meta property=\"og:image\" content=\"https:\/\/covincennes.com\/wp-content\/uploads\/2025\/04\/Poisson-davril-redimensionnee.jpg\" \/>\n\t<meta property=\"og:image:width\" content=\"643\" \/>\n\t<meta property=\"og:image:height\" content=\"480\" \/>\n\t<meta property=\"og:image:type\" content=\"image\/jpeg\" \/>\n<meta name=\"author\" content=\"Cole Hibry\" \/>\n<meta name=\"twitter:card\" content=\"summary_large_image\" \/>\n<meta name=\"twitter:creator\" content=\"@covincennes\" \/>\n<meta name=\"twitter:site\" content=\"@covincennes\" \/>\n<meta name=\"twitter:label1\" content=\"\u00c9crit par\" \/>\n\t<meta name=\"twitter:data1\" content=\"Cole Hibry\" \/>\n\t<meta name=\"twitter:label2\" content=\"Dur\u00e9e de lecture estim\u00e9e\" \/>\n\t<meta name=\"twitter:data2\" content=\"2 minutes\" \/>\n<script type=\"application\/ld+json\" class=\"yoast-schema-graph\">{\"@context\":\"https:\/\/schema.org\",\"@graph\":[{\"@type\":\"Article\",\"@id\":\"https:\/\/covincennes.com\/index.php\/2025\/04\/01\/cest-officiel-des-championnats-mixtes-des-la-saison-prochaine\/#article\",\"isPartOf\":{\"@id\":\"https:\/\/covincennes.com\/index.php\/2025\/04\/01\/cest-officiel-des-championnats-mixtes-des-la-saison-prochaine\/\"},\"author\":{\"name\":\"Cole Hibry\",\"@id\":\"https:\/\/covincennes.com\/#\/schema\/person\/eb881824360af01aa016999e439303fe\"},\"headline\":\"C&rsquo;est officiel : des championnats mixtes d\u00e8s la saison prochaine !\",\"datePublished\":\"2025-04-01T00:25:57+00:00\",\"dateModified\":\"2025-04-10T09:14:21+00:00\",\"mainEntityOfPage\":{\"@id\":\"https:\/\/covincennes.com\/index.php\/2025\/04\/01\/cest-officiel-des-championnats-mixtes-des-la-saison-prochaine\/\"},\"wordCount\":316,\"commentCount\":0,\"publisher\":{\"@id\":\"https:\/\/covincennes.com\/#organization\"},\"articleSection\":[\"\u00e0 la une\"],\"inLanguage\":\"fr-FR\",\"potentialAction\":[{\"@type\":\"CommentAction\",\"name\":\"Comment\",\"target\":[\"https:\/\/covincennes.com\/index.php\/2025\/04\/01\/cest-officiel-des-championnats-mixtes-des-la-saison-prochaine\/#respond\"]}]},{\"@type\":\"WebPage\",\"@id\":\"https:\/\/covincennes.com\/index.php\/2025\/04\/01\/cest-officiel-des-championnats-mixtes-des-la-saison-prochaine\/\",\"url\":\"https:\/\/covincennes.com\/index.php\/2025\/04\/01\/cest-officiel-des-championnats-mixtes-des-la-saison-prochaine\/\",\"name\":\"C'est officiel : des championnats mixtes d\u00e8s la saison prochaine ! - CO Vincennes\",\"isPartOf\":{\"@id\":\"https:\/\/covincennes.com\/#website\"},\"datePublished\":\"2025-04-01T00:25:57+00:00\",\"dateModified\":\"2025-04-10T09:14:21+00:00\",\"breadcrumb\":{\"@id\":\"https:\/\/covincennes.com\/index.php\/2025\/04\/01\/cest-officiel-des-championnats-mixtes-des-la-saison-prochaine\/#breadcrumb\"},\"inLanguage\":\"fr-FR\",\"potentialAction\":[{\"@type\":\"ReadAction\",\"target\":[\"https:\/\/covincennes.com\/index.php\/2025\/04\/01\/cest-officiel-des-championnats-mixtes-des-la-saison-prochaine\/\"]}]},{\"@type\":\"BreadcrumbList\",\"@id\":\"https:\/\/covincennes.com\/index.php\/2025\/04\/01\/cest-officiel-des-championnats-mixtes-des-la-saison-prochaine\/#breadcrumb\",\"itemListElement\":[{\"@type\":\"ListItem\",\"position\":1,\"name\":\"Accueil\",\"item\":\"https:\/\/covincennes.com\/\"},{\"@type\":\"ListItem\",\"position\":2,\"name\":\"C&rsquo;est officiel : des championnats mixtes d\u00e8s la saison prochaine !\"}]},{\"@type\":\"WebSite\",\"@id\":\"https:\/\/covincennes.com\/#website\",\"url\":\"https:\/\/covincennes.com\/\",\"name\":\"CO Vincennes\",\"description\":\"Un site utilisant WordPress\",\"publisher\":{\"@id\":\"https:\/\/covincennes.com\/#organization\"},\"potentialAction\":[{\"@type\":\"SearchAction\",\"target\":{\"@type\":\"EntryPoint\",\"urlTemplate\":\"https:\/\/covincennes.com\/?s={search_term_string}\"},\"query-input\":\"required name=search_term_string\"}],\"inLanguage\":\"fr-FR\"},{\"@type\":\"Organization\",\"@id\":\"https:\/\/covincennes.com\/#organization\",\"name\":\"CO Vincennes\",\"url\":\"https:\/\/covincennes.com\/\",\"sameAs\":[\"https:\/\/www.facebook.com\/CO-VINCENNES-la-page-officielle-136021893155921\/\",\"https:\/\/twitter.com\/covincennes\"],\"logo\":{\"@type\":\"ImageObject\",\"inLanguage\":\"fr-FR\",\"@id\":\"https:\/\/covincennes.com\/#\/schema\/logo\/image\/\",\"url\":\"https:\/\/covincennes.com\/wp-content\/uploads\/2019\/11\/logo-cov-png.png\",\"contentUrl\":\"https:\/\/covincennes.com\/wp-content\/uploads\/2019\/11\/logo-cov-png.png\",\"width\":495,\"height\":497,\"caption\":\"CO Vincennes\"},\"image\":{\"@id\":\"https:\/\/covincennes.com\/#\/schema\/logo\/image\/\"}},{\"@type\":\"Person\",\"@id\":\"https:\/\/covincennes.com\/#\/schema\/person\/eb881824360af01aa016999e439303fe\",\"name\":\"Cole Hibry\",\"image\":{\"@type\":\"ImageObject\",\"inLanguage\":\"fr-FR\",\"@id\":\"https:\/\/covincennes.com\/#\/schema\/person\/image\/\",\"url\":\"https:\/\/secure.gravatar.com\/avatar\/fdd68f914853e79675161dab52794fbe213aaa71837a3f83ab5d0669e81bb866?s=96&d=mm&r=g\",\"contentUrl\":\"https:\/\/secure.gravatar.com\/avatar\/fdd68f914853e79675161dab52794fbe213aaa71837a3f83ab5d0669e81bb866?s=96&d=mm&r=g\",\"caption\":\"Cole Hibry\"},\"url\":\"https:\/\/covincennes.com\/index.php\/author\/chevit-frederic\/\"}]}<\/script>\n<!-- \/ Yoast SEO plugin. -->","yoast_head_json":{"title":"C'est officiel : des championnats mixtes d\u00e8s la saison prochaine ! - CO Vincennes","robots":{"index":"index","follow":"follow","max-snippet":"max-snippet:-1","max-image-preview":"max-image-preview:large","max-video-preview":"max-video-preview:-1"},"canonical":"https:\/\/covincennes.com\/index.php\/2025\/04\/01\/cest-officiel-des-championnats-mixtes-des-la-saison-prochaine\/","og_locale":"fr_FR","og_type":"article","og_title":"C'est officiel : des championnats mixtes d\u00e8s la saison prochaine ! - CO Vincennes","og_description":"L&rsquo;id\u00e9e germait depuis longtemps, mais c&rsquo;est aujourd&rsquo;hui officiel : d\u00e8s la saison 2025-2026, il y aura des championnats mixtes dans toutes les cat\u00e9gories, chez les jeunes mais aussi en s\u00e9niors et m\u00eame en v\u00e9t\u00e9rans. La d\u00e9cision, prise par la FFF avec l&rsquo;accord de la FIFA et de l&rsquo;UEFA, sans parler du soutien du Minist\u00e8re des [&hellip;]","og_url":"https:\/\/covincennes.com\/index.php\/2025\/04\/01\/cest-officiel-des-championnats-mixtes-des-la-saison-prochaine\/","og_site_name":"CO Vincennes","article_publisher":"https:\/\/www.facebook.com\/CO-VINCENNES-la-page-officielle-136021893155921\/","article_published_time":"2025-04-01T00:25:57+00:00","article_modified_time":"2025-04-10T09:14:21+00:00","og_image":[{"width":643,"height":480,"url":"https:\/\/covincennes.com\/wp-content\/uploads\/2025\/04\/Poisson-davril-redimensionnee.jpg","type":"image\/jpeg"}],"author":"Cole Hibry","twitter_card":"summary_large_image","twitter_creator":"@covincennes","twitter_site":"@covincennes","twitter_misc":{"\u00c9crit par":"Cole Hibry","Dur\u00e9e de lecture estim\u00e9e":"2 minutes"},"schema":{"@context":"https:\/\/schema.org","@graph":[{"@type":"Article","@id":"https:\/\/covincennes.com\/index.php\/2025\/04\/01\/cest-officiel-des-championnats-mixtes-des-la-saison-prochaine\/#article","isPartOf":{"@id":"https:\/\/covincennes.com\/index.php\/2025\/04\/01\/cest-officiel-des-championnats-mixtes-des-la-saison-prochaine\/"},"author":{"name":"Cole Hibry","@id":"https:\/\/covincennes.com\/#\/schema\/person\/eb881824360af01aa016999e439303fe"},"headline":"C&rsquo;est officiel : des championnats mixtes d\u00e8s la saison prochaine !","datePublished":"2025-04-01T00:25:57+00:00","dateModified":"2025-04-10T09:14:21+00:00","mainEntityOfPage":{"@id":"https:\/\/covincennes.com\/index.php\/2025\/04\/01\/cest-officiel-des-championnats-mixtes-des-la-saison-prochaine\/"},"wordCount":316,"commentCount":0,"publisher":{"@id":"https:\/\/covincennes.com\/#organization"},"articleSection":["\u00e0 la une"],"inLanguage":"fr-FR","potentialAction":[{"@type":"CommentAction","name":"Comment","target":["https:\/\/covincennes.com\/index.php\/2025\/04\/01\/cest-officiel-des-championnats-mixtes-des-la-saison-prochaine\/#respond"]}]},{"@type":"WebPage","@id":"https:\/\/covincennes.com\/index.php\/2025\/04\/01\/cest-officiel-des-championnats-mixtes-des-la-saison-prochaine\/","url":"https:\/\/covincennes.com\/index.php\/2025\/04\/01\/cest-officiel-des-championnats-mixtes-des-la-saison-prochaine\/","name":"C'est officiel : des championnats mixtes d\u00e8s la saison prochaine ! - CO Vincennes","isPartOf":{"@id":"https:\/\/covincennes.com\/#website"},"datePublished":"2025-04-01T00:25:57+00:00","dateModified":"2025-04-10T09:14:21+00:00","breadcrumb":{"@id":"https:\/\/covincennes.com\/index.php\/2025\/04\/01\/cest-officiel-des-championnats-mixtes-des-la-saison-prochaine\/#breadcrumb"},"inLanguage":"fr-FR","potentialAction":[{"@type":"ReadAction","target":["https:\/\/covincennes.com\/index.php\/2025\/04\/01\/cest-officiel-des-championnats-mixtes-des-la-saison-prochaine\/"]}]},{"@type":"BreadcrumbList","@id":"https:\/\/covincennes.com\/index.php\/2025\/04\/01\/cest-officiel-des-championnats-mixtes-des-la-saison-prochaine\/#breadcrumb","itemListElement":[{"@type":"ListItem","position":1,"name":"Accueil","item":"https:\/\/covincennes.com\/"},{"@type":"ListItem","position":2,"name":"C&rsquo;est officiel : des championnats mixtes d\u00e8s la saison prochaine !"}]},{"@type":"WebSite","@id":"https:\/\/covincennes.com\/#website","url":"https:\/\/covincennes.com\/","name":"CO Vincennes","description":"Un site utilisant WordPress","publisher":{"@id":"https:\/\/covincennes.com\/#organization"},"potentialAction":[{"@type":"SearchAction","target":{"@type":"EntryPoint","urlTemplate":"https:\/\/covincennes.com\/?s={search_term_string}"},"query-input":"required name=search_term_string"}],"inLanguage":"fr-FR"},{"@type":"Organization","@id":"https:\/\/covincennes.com\/#organization","name":"CO Vincennes","url":"https:\/\/covincennes.com\/","sameAs":["https:\/\/www.facebook.com\/CO-VINCENNES-la-page-officielle-136021893155921\/","https:\/\/twitter.com\/covincennes"],"logo":{"@type":"ImageObject","inLanguage":"fr-FR","@id":"https:\/\/covincennes.com\/#\/schema\/logo\/image\/","url":"https:\/\/covincennes.com\/wp-content\/uploads\/2019\/11\/logo-cov-png.png","contentUrl":"https:\/\/covincennes.com\/wp-content\/uploads\/2019\/11\/logo-cov-png.png","width":495,"height":497,"caption":"CO Vincennes"},"image":{"@id":"https:\/\/covincennes.com\/#\/schema\/logo\/image\/"}},{"@type":"Person","@id":"https:\/\/covincennes.com\/#\/schema\/person\/eb881824360af01aa016999e439303fe","name":"Cole Hibry","image":{"@type":"ImageObject","inLanguage":"fr-FR","@id":"https:\/\/covincennes.com\/#\/schema\/person\/image\/","url":"https:\/\/secure.gravatar.com\/avatar\/fdd68f914853e79675161dab52794fbe213aaa71837a3f83ab5d0669e81bb866?s=96&d=mm&r=g","contentUrl":"https:\/\/secure.gravatar.com\/avatar\/fdd68f914853e79675161dab52794fbe213aaa71837a3f83ab5d0669e81bb866?s=96&d=mm&r=g","caption":"Cole Hibry"},"url":"https:\/\/covincennes.com\/index.php\/author\/chevit-frederic\/"}]}},"_links":{"self":[{"href":"https:\/\/covincennes.com\/index.php\/wp-json\/wp\/v2\/posts\/8545","targetHints":{"allow":["GET"]}}],"collection":[{"href":"https:\/\/covincennes.com\/index.php\/wp-json\/wp\/v2\/posts"}],"about":[{"href":"https:\/\/covincennes.com\/index.php\/wp-json\/wp\/v2\/types\/post"}],"author":[{"embeddable":true,"href":"https:\/\/covincennes.com\/index.php\/wp-json\/wp\/v2\/users\/2"}],"replies":[{"embeddable":true,"href":"https:\/\/covincennes.com\/index.php\/wp-json\/wp\/v2\/comments?post=8545"}],"version-history":[{"count":4,"href":"https:\/\/covincennes.com\/index.php\/wp-json\/wp\/v2\/posts\/8545\/revisions"}],"predecessor-version":[{"id":8551,"href":"https:\/\/covincennes.com\/index.php\/wp-json\/wp\/v2\/posts\/8545\/revisions\/8551"}],"wp:featuredmedia":[{"embeddable":true,"href":"https:\/\/covincennes.com\/index.php\/wp-json\/wp\/v2\/media\/8549"}],"wp:attachment":[{"href":"https:\/\/covincennes.com\/index.php\/wp-json\/wp\/v2\/media?parent=8545"}],"wp:term":[{"taxonomy":"category","embeddable":true,"href":"https:\/\/covincennes.com\/index.php\/wp-json\/wp\/v2\/categories?post=8545"},{"taxonomy":"post_tag","embeddable":true,"href":"https:\/\/covincennes.com\/index.php\/wp-json\/wp\/v2\/tags?post=8545"}],"curies":[{"name":"wp","href":"https:\/\/api.w.org\/{rel}","templated":true}]}}