{"id":8830,"date":"2025-04-28T02:30:48","date_gmt":"2025-04-28T00:30:48","guid":{"rendered":"https:\/\/covincennes.com\/?p=8830"},"modified":"2025-05-11T23:00:04","modified_gmt":"2025-05-11T21:00:04","slug":"coupe-du-val-de-marne-nos-seniors-passent-en-demies","status":"publish","type":"post","link":"https:\/\/covincennes.com\/index.php\/2025\/04\/28\/coupe-du-val-de-marne-nos-seniors-passent-en-demies\/","title":{"rendered":"Coupe du Val de Marne : nos s\u00e9niors passent en demies"},"content":{"rendered":"<p>Avec deux divisions d&rsquo;\u00e9cart, ce quart de finale \u00e0 domicile de Coupe du Val de Marne semblait largement \u00e0 la port\u00e9e de nos s\u00e9niors. Mais leurs adversaires de Villeneuve Ablon jouent le haut du tableau en premi\u00e8re division de District, ce qui leur donne bien le niveau R3, au minimum.<\/p>\n<p>Et ils ont oppos\u00e9 une belle r\u00e9sistance, m\u00eame s&rsquo;ils ne se sont pas cr\u00e9\u00e9 beaucoup d&rsquo;occasions. Il a m\u00eame fallu attendre la demi-heure pour que le COV prenne l&rsquo;avantage gr\u00e2ce \u00e0 une t\u00eate de C\u00e9dric, sur un coup franc tir\u00e9 par Hugo. Priv\u00e9s des bless\u00e9s Jonas, Kender et Maxence (Hattabiou et Alexander \u00e9taient de retour, mais sur banc), ainsi que des suspendus Mohamed et Hippolyte, nos Vincennois ne parvenaient pas \u00e0 creuser l&rsquo;\u00e9cart avant la mi-temps malgr\u00e9 un bon nombre de situations et quelques belles occasions.<\/p>\n<p>Cinq minutes suffiront pour qu&rsquo;ils y parviennent en seconde p\u00e9riode, sur un corner de Youba repris de la t\u00eate par Vincent. Et un peu avant la demi-heure de jeu, Amadou offrait un caviar \u00e0 C\u00e9dric, lequel r\u00e9alisait ainsi un doubl\u00e9.<\/p>\n<p>Gr\u00e2ce \u00e0 ce net succ\u00e8s (3-0), voil\u00e0 les hommes de Carl qualifi\u00e9s pour les demi-finales, o\u00f9 ils retrouveront ce dimanche Chevilly Larue, victorieux de la VGA St-Maur. L&rsquo;opportunit\u00e9 de prendre une revanche apr\u00e8s notre \u00e9limination, la saison pass\u00e9e, en Coupe de France.<\/p>\n<p class=\"responsive-video-wrap clr\"><iframe loading=\"lazy\" title=\"COV - VILLENEUVE ABLON : le r\u00e9sum\u00e9\" width=\"1200\" height=\"675\" src=\"https:\/\/www.youtube.com\/embed\/8UpAfjowRtc?feature=oembed\" frameborder=\"0\" allow=\"accelerometer; autoplay; clipboard-write; encrypted-media; gyroscope; picture-in-picture; web-share\" referrerpolicy=\"strict-origin-when-cross-origin\" allowfullscreen><\/iframe><\/p>\n","protected":false},"excerpt":{"rendered":"<p>Avec deux divisions d&rsquo;\u00e9cart, ce quart de finale \u00e0 domicile de Coupe du Val de Marne semblait largement \u00e0 la port\u00e9e de nos s\u00e9niors. Mais leurs adversaires de Villeneuve Ablon jouent le haut du tableau en premi\u00e8re division de District, ce qui leur donne bien le niveau R3, au minimum. Et ils ont oppos\u00e9 une [&hellip;]<\/p>\n","protected":false},"author":2,"featured_media":8831,"comment_status":"open","ping_status":"open","sticky":false,"template":"","format":"standard","meta":{"_monsterinsights_skip_tracking":false,"_monsterinsights_sitenote_active":false,"_monsterinsights_sitenote_note":"","_monsterinsights_sitenote_category":0,"footnotes":""},"categories":[48],"tags":[],"class_list":["post-8830","post","type-post","status-publish","format-standard","has-post-thumbnail","hentry","category-a-la-une","entry","has-media"],"yoast_head":"<!-- This site is optimized with the Yoast SEO plugin v19.6.1 - https:\/\/yoast.com\/wordpress\/plugins\/seo\/ -->\n<title>Coupe du Val de Marne : nos s\u00e9niors passent en demies - CO Vincennes<\/title>\n<meta name=\"robots\" content=\"index, follow, max-snippet:-1, max-image-preview:large, max-video-preview:-1\" \/>\n<link rel=\"canonical\" href=\"https:\/\/covincennes.com\/index.php\/2025\/04\/28\/coupe-du-val-de-marne-nos-seniors-passent-en-demies\/\" \/>\n<meta property=\"og:locale\" content=\"fr_FR\" \/>\n<meta property=\"og:type\" content=\"article\" \/>\n<meta property=\"og:title\" content=\"Coupe du Val de Marne : nos s\u00e9niors passent en demies - CO Vincennes\" \/>\n<meta property=\"og:description\" content=\"Avec deux divisions d&rsquo;\u00e9cart, ce quart de finale \u00e0 domicile de Coupe du Val de Marne semblait largement \u00e0 la port\u00e9e de nos s\u00e9niors. Mais leurs adversaires de Villeneuve Ablon jouent le haut du tableau en premi\u00e8re division de District, ce qui leur donne bien le niveau R3, au minimum. Et ils ont oppos\u00e9 une [&hellip;]\" \/>\n<meta property=\"og:url\" content=\"https:\/\/covincennes.com\/index.php\/2025\/04\/28\/coupe-du-val-de-marne-nos-seniors-passent-en-demies\/\" \/>\n<meta property=\"og:site_name\" content=\"CO Vincennes\" \/>\n<meta property=\"article:publisher\" content=\"https:\/\/www.facebook.com\/CO-VINCENNES-la-page-officielle-136021893155921\/\" \/>\n<meta property=\"article:published_time\" content=\"2025-04-28T00:30:48+00:00\" \/>\n<meta property=\"article:modified_time\" content=\"2025-05-11T21:00:04+00:00\" \/>\n<meta property=\"og:image\" content=\"https:\/\/covincennes.com\/wp-content\/uploads\/2025\/04\/Photo-Villeneuve-redimensionnee.jpg\" \/>\n\t<meta property=\"og:image:width\" content=\"643\" \/>\n\t<meta property=\"og:image:height\" content=\"480\" \/>\n\t<meta property=\"og:image:type\" content=\"image\/jpeg\" \/>\n<meta name=\"author\" content=\"Cole Hibry\" \/>\n<meta name=\"twitter:card\" content=\"summary_large_image\" \/>\n<meta name=\"twitter:creator\" content=\"@covincennes\" \/>\n<meta name=\"twitter:site\" content=\"@covincennes\" \/>\n<meta name=\"twitter:label1\" content=\"\u00c9crit par\" \/>\n\t<meta name=\"twitter:data1\" content=\"Cole Hibry\" \/>\n\t<meta name=\"twitter:label2\" content=\"Dur\u00e9e de lecture estim\u00e9e\" \/>\n\t<meta name=\"twitter:data2\" content=\"2 minutes\" \/>\n<script type=\"application\/ld+json\" class=\"yoast-schema-graph\">{\"@context\":\"https:\/\/schema.org\",\"@graph\":[{\"@type\":\"Article\",\"@id\":\"https:\/\/covincennes.com\/index.php\/2025\/04\/28\/coupe-du-val-de-marne-nos-seniors-passent-en-demies\/#article\",\"isPartOf\":{\"@id\":\"https:\/\/covincennes.com\/index.php\/2025\/04\/28\/coupe-du-val-de-marne-nos-seniors-passent-en-demies\/\"},\"author\":{\"name\":\"Cole Hibry\",\"@id\":\"https:\/\/covincennes.com\/#\/schema\/person\/eb881824360af01aa016999e439303fe\"},\"headline\":\"Coupe du Val de Marne : nos s\u00e9niors passent en demies\",\"datePublished\":\"2025-04-28T00:30:48+00:00\",\"dateModified\":\"2025-05-11T21:00:04+00:00\",\"mainEntityOfPage\":{\"@id\":\"https:\/\/covincennes.com\/index.php\/2025\/04\/28\/coupe-du-val-de-marne-nos-seniors-passent-en-demies\/\"},\"wordCount\":249,\"commentCount\":0,\"publisher\":{\"@id\":\"https:\/\/covincennes.com\/#organization\"},\"articleSection\":[\"\u00e0 la une\"],\"inLanguage\":\"fr-FR\",\"potentialAction\":[{\"@type\":\"CommentAction\",\"name\":\"Comment\",\"target\":[\"https:\/\/covincennes.com\/index.php\/2025\/04\/28\/coupe-du-val-de-marne-nos-seniors-passent-en-demies\/#respond\"]}]},{\"@type\":\"WebPage\",\"@id\":\"https:\/\/covincennes.com\/index.php\/2025\/04\/28\/coupe-du-val-de-marne-nos-seniors-passent-en-demies\/\",\"url\":\"https:\/\/covincennes.com\/index.php\/2025\/04\/28\/coupe-du-val-de-marne-nos-seniors-passent-en-demies\/\",\"name\":\"Coupe du Val de Marne : nos s\u00e9niors passent en demies - CO Vincennes\",\"isPartOf\":{\"@id\":\"https:\/\/covincennes.com\/#website\"},\"datePublished\":\"2025-04-28T00:30:48+00:00\",\"dateModified\":\"2025-05-11T21:00:04+00:00\",\"breadcrumb\":{\"@id\":\"https:\/\/covincennes.com\/index.php\/2025\/04\/28\/coupe-du-val-de-marne-nos-seniors-passent-en-demies\/#breadcrumb\"},\"inLanguage\":\"fr-FR\",\"potentialAction\":[{\"@type\":\"ReadAction\",\"target\":[\"https:\/\/covincennes.com\/index.php\/2025\/04\/28\/coupe-du-val-de-marne-nos-seniors-passent-en-demies\/\"]}]},{\"@type\":\"BreadcrumbList\",\"@id\":\"https:\/\/covincennes.com\/index.php\/2025\/04\/28\/coupe-du-val-de-marne-nos-seniors-passent-en-demies\/#breadcrumb\",\"itemListElement\":[{\"@type\":\"ListItem\",\"position\":1,\"name\":\"Accueil\",\"item\":\"https:\/\/covincennes.com\/\"},{\"@type\":\"ListItem\",\"position\":2,\"name\":\"Coupe du Val de Marne : nos s\u00e9niors passent en demies\"}]},{\"@type\":\"WebSite\",\"@id\":\"https:\/\/covincennes.com\/#website\",\"url\":\"https:\/\/covincennes.com\/\",\"name\":\"CO Vincennes\",\"description\":\"Un site utilisant WordPress\",\"publisher\":{\"@id\":\"https:\/\/covincennes.com\/#organization\"},\"potentialAction\":[{\"@type\":\"SearchAction\",\"target\":{\"@type\":\"EntryPoint\",\"urlTemplate\":\"https:\/\/covincennes.com\/?s={search_term_string}\"},\"query-input\":\"required name=search_term_string\"}],\"inLanguage\":\"fr-FR\"},{\"@type\":\"Organization\",\"@id\":\"https:\/\/covincennes.com\/#organization\",\"name\":\"CO Vincennes\",\"url\":\"https:\/\/covincennes.com\/\",\"sameAs\":[\"https:\/\/www.facebook.com\/CO-VINCENNES-la-page-officielle-136021893155921\/\",\"https:\/\/twitter.com\/covincennes\"],\"logo\":{\"@type\":\"ImageObject\",\"inLanguage\":\"fr-FR\",\"@id\":\"https:\/\/covincennes.com\/#\/schema\/logo\/image\/\",\"url\":\"https:\/\/covincennes.com\/wp-content\/uploads\/2019\/11\/logo-cov-png.png\",\"contentUrl\":\"https:\/\/covincennes.com\/wp-content\/uploads\/2019\/11\/logo-cov-png.png\",\"width\":495,\"height\":497,\"caption\":\"CO Vincennes\"},\"image\":{\"@id\":\"https:\/\/covincennes.com\/#\/schema\/logo\/image\/\"}},{\"@type\":\"Person\",\"@id\":\"https:\/\/covincennes.com\/#\/schema\/person\/eb881824360af01aa016999e439303fe\",\"name\":\"Cole Hibry\",\"image\":{\"@type\":\"ImageObject\",\"inLanguage\":\"fr-FR\",\"@id\":\"https:\/\/covincennes.com\/#\/schema\/person\/image\/\",\"url\":\"https:\/\/secure.gravatar.com\/avatar\/fdd68f914853e79675161dab52794fbe213aaa71837a3f83ab5d0669e81bb866?s=96&d=mm&r=g\",\"contentUrl\":\"https:\/\/secure.gravatar.com\/avatar\/fdd68f914853e79675161dab52794fbe213aaa71837a3f83ab5d0669e81bb866?s=96&d=mm&r=g\",\"caption\":\"Cole Hibry\"},\"url\":\"https:\/\/covincennes.com\/index.php\/author\/chevit-frederic\/\"}]}<\/script>\n<!-- \/ Yoast SEO plugin. -->","yoast_head_json":{"title":"Coupe du Val de Marne : nos s\u00e9niors passent en demies - CO Vincennes","robots":{"index":"index","follow":"follow","max-snippet":"max-snippet:-1","max-image-preview":"max-image-preview:large","max-video-preview":"max-video-preview:-1"},"canonical":"https:\/\/covincennes.com\/index.php\/2025\/04\/28\/coupe-du-val-de-marne-nos-seniors-passent-en-demies\/","og_locale":"fr_FR","og_type":"article","og_title":"Coupe du Val de Marne : nos s\u00e9niors passent en demies - CO Vincennes","og_description":"Avec deux divisions d&rsquo;\u00e9cart, ce quart de finale \u00e0 domicile de Coupe du Val de Marne semblait largement \u00e0 la port\u00e9e de nos s\u00e9niors. Mais leurs adversaires de Villeneuve Ablon jouent le haut du tableau en premi\u00e8re division de District, ce qui leur donne bien le niveau R3, au minimum. Et ils ont oppos\u00e9 une [&hellip;]","og_url":"https:\/\/covincennes.com\/index.php\/2025\/04\/28\/coupe-du-val-de-marne-nos-seniors-passent-en-demies\/","og_site_name":"CO Vincennes","article_publisher":"https:\/\/www.facebook.com\/CO-VINCENNES-la-page-officielle-136021893155921\/","article_published_time":"2025-04-28T00:30:48+00:00","article_modified_time":"2025-05-11T21:00:04+00:00","og_image":[{"width":643,"height":480,"url":"https:\/\/covincennes.com\/wp-content\/uploads\/2025\/04\/Photo-Villeneuve-redimensionnee.jpg","type":"image\/jpeg"}],"author":"Cole Hibry","twitter_card":"summary_large_image","twitter_creator":"@covincennes","twitter_site":"@covincennes","twitter_misc":{"\u00c9crit par":"Cole Hibry","Dur\u00e9e de lecture estim\u00e9e":"2 minutes"},"schema":{"@context":"https:\/\/schema.org","@graph":[{"@type":"Article","@id":"https:\/\/covincennes.com\/index.php\/2025\/04\/28\/coupe-du-val-de-marne-nos-seniors-passent-en-demies\/#article","isPartOf":{"@id":"https:\/\/covincennes.com\/index.php\/2025\/04\/28\/coupe-du-val-de-marne-nos-seniors-passent-en-demies\/"},"author":{"name":"Cole Hibry","@id":"https:\/\/covincennes.com\/#\/schema\/person\/eb881824360af01aa016999e439303fe"},"headline":"Coupe du Val de Marne : nos s\u00e9niors passent en demies","datePublished":"2025-04-28T00:30:48+00:00","dateModified":"2025-05-11T21:00:04+00:00","mainEntityOfPage":{"@id":"https:\/\/covincennes.com\/index.php\/2025\/04\/28\/coupe-du-val-de-marne-nos-seniors-passent-en-demies\/"},"wordCount":249,"commentCount":0,"publisher":{"@id":"https:\/\/covincennes.com\/#organization"},"articleSection":["\u00e0 la une"],"inLanguage":"fr-FR","potentialAction":[{"@type":"CommentAction","name":"Comment","target":["https:\/\/covincennes.com\/index.php\/2025\/04\/28\/coupe-du-val-de-marne-nos-seniors-passent-en-demies\/#respond"]}]},{"@type":"WebPage","@id":"https:\/\/covincennes.com\/index.php\/2025\/04\/28\/coupe-du-val-de-marne-nos-seniors-passent-en-demies\/","url":"https:\/\/covincennes.com\/index.php\/2025\/04\/28\/coupe-du-val-de-marne-nos-seniors-passent-en-demies\/","name":"Coupe du Val de Marne : nos s\u00e9niors passent en demies - CO Vincennes","isPartOf":{"@id":"https:\/\/covincennes.com\/#website"},"datePublished":"2025-04-28T00:30:48+00:00","dateModified":"2025-05-11T21:00:04+00:00","breadcrumb":{"@id":"https:\/\/covincennes.com\/index.php\/2025\/04\/28\/coupe-du-val-de-marne-nos-seniors-passent-en-demies\/#breadcrumb"},"inLanguage":"fr-FR","potentialAction":[{"@type":"ReadAction","target":["https:\/\/covincennes.com\/index.php\/2025\/04\/28\/coupe-du-val-de-marne-nos-seniors-passent-en-demies\/"]}]},{"@type":"BreadcrumbList","@id":"https:\/\/covincennes.com\/index.php\/2025\/04\/28\/coupe-du-val-de-marne-nos-seniors-passent-en-demies\/#breadcrumb","itemListElement":[{"@type":"ListItem","position":1,"name":"Accueil","item":"https:\/\/covincennes.com\/"},{"@type":"ListItem","position":2,"name":"Coupe du Val de Marne : nos s\u00e9niors passent en demies"}]},{"@type":"WebSite","@id":"https:\/\/covincennes.com\/#website","url":"https:\/\/covincennes.com\/","name":"CO Vincennes","description":"Un site utilisant WordPress","publisher":{"@id":"https:\/\/covincennes.com\/#organization"},"potentialAction":[{"@type":"SearchAction","target":{"@type":"EntryPoint","urlTemplate":"https:\/\/covincennes.com\/?s={search_term_string}"},"query-input":"required name=search_term_string"}],"inLanguage":"fr-FR"},{"@type":"Organization","@id":"https:\/\/covincennes.com\/#organization","name":"CO Vincennes","url":"https:\/\/covincennes.com\/","sameAs":["https:\/\/www.facebook.com\/CO-VINCENNES-la-page-officielle-136021893155921\/","https:\/\/twitter.com\/covincennes"],"logo":{"@type":"ImageObject","inLanguage":"fr-FR","@id":"https:\/\/covincennes.com\/#\/schema\/logo\/image\/","url":"https:\/\/covincennes.com\/wp-content\/uploads\/2019\/11\/logo-cov-png.png","contentUrl":"https:\/\/covincennes.com\/wp-content\/uploads\/2019\/11\/logo-cov-png.png","width":495,"height":497,"caption":"CO Vincennes"},"image":{"@id":"https:\/\/covincennes.com\/#\/schema\/logo\/image\/"}},{"@type":"Person","@id":"https:\/\/covincennes.com\/#\/schema\/person\/eb881824360af01aa016999e439303fe","name":"Cole Hibry","image":{"@type":"ImageObject","inLanguage":"fr-FR","@id":"https:\/\/covincennes.com\/#\/schema\/person\/image\/","url":"https:\/\/secure.gravatar.com\/avatar\/fdd68f914853e79675161dab52794fbe213aaa71837a3f83ab5d0669e81bb866?s=96&d=mm&r=g","contentUrl":"https:\/\/secure.gravatar.com\/avatar\/fdd68f914853e79675161dab52794fbe213aaa71837a3f83ab5d0669e81bb866?s=96&d=mm&r=g","caption":"Cole Hibry"},"url":"https:\/\/covincennes.com\/index.php\/author\/chevit-frederic\/"}]}},"_links":{"self":[{"href":"https:\/\/covincennes.com\/index.php\/wp-json\/wp\/v2\/posts\/8830","targetHints":{"allow":["GET"]}}],"collection":[{"href":"https:\/\/covincennes.com\/index.php\/wp-json\/wp\/v2\/posts"}],"about":[{"href":"https:\/\/covincennes.com\/index.php\/wp-json\/wp\/v2\/types\/post"}],"author":[{"embeddable":true,"href":"https:\/\/covincennes.com\/index.php\/wp-json\/wp\/v2\/users\/2"}],"replies":[{"embeddable":true,"href":"https:\/\/covincennes.com\/index.php\/wp-json\/wp\/v2\/comments?post=8830"}],"version-history":[{"count":3,"href":"https:\/\/covincennes.com\/index.php\/wp-json\/wp\/v2\/posts\/8830\/revisions"}],"predecessor-version":[{"id":8915,"href":"https:\/\/covincennes.com\/index.php\/wp-json\/wp\/v2\/posts\/8830\/revisions\/8915"}],"wp:featuredmedia":[{"embeddable":true,"href":"https:\/\/covincennes.com\/index.php\/wp-json\/wp\/v2\/media\/8831"}],"wp:attachment":[{"href":"https:\/\/covincennes.com\/index.php\/wp-json\/wp\/v2\/media?parent=8830"}],"wp:term":[{"taxonomy":"category","embeddable":true,"href":"https:\/\/covincennes.com\/index.php\/wp-json\/wp\/v2\/categories?post=8830"},{"taxonomy":"post_tag","embeddable":true,"href":"https:\/\/covincennes.com\/index.php\/wp-json\/wp\/v2\/tags?post=8830"}],"curies":[{"name":"wp","href":"https:\/\/api.w.org\/{rel}","templated":true}]}}