{"id":9211,"date":"2025-07-29T18:54:27","date_gmt":"2025-07-29T16:54:27","guid":{"rendered":"https:\/\/covincennes.com\/?p=9211"},"modified":"2025-07-29T18:54:27","modified_gmt":"2025-07-29T16:54:27","slug":"et-si-vous-deveniez-benevole-au-cov","status":"publish","type":"post","link":"https:\/\/covincennes.com\/index.php\/2025\/07\/29\/et-si-vous-deveniez-benevole-au-cov\/","title":{"rendered":"Et si vous deveniez b\u00e9n\u00e9vole au COV ?"},"content":{"rendered":"<p>Un club de football, comme toute association, a besoin de b\u00e9n\u00e9voles. Un besoin vital.<\/p>\n<p>Sans b\u00e9n\u00e9voles, pas d&rsquo;arbitre pour une grande partie de nos matches, pas de dirigeant pour \u00e9pauler les \u00e9ducateurs, pas d&rsquo;accompagnant pour emmener les enfants sur les rencontres \u00e0 l&rsquo;ext\u00e9rieur, pas de stand lors de nos tournois&#8230;<\/p>\n<p>Alors, si vous disposez d&rsquo;un peu de temps et &#8211; mieux encore &#8211; d&rsquo;une voiture, faites-vous conna\u00eetre \u00e0 la rentr\u00e9e aupr\u00e8s du secr\u00e9tariat du club, vous serez re\u00e7u(e) \u00e0 bras ouverts. Et vous participerez, comme les b\u00e9n\u00e9voles de la saison \u00e9coul\u00e9e, \u00e0 la soir\u00e9e qui leur est traditionnellement consacr\u00e9e fin juin. Voyez sur la vid\u00e9o de Thelma tous ces sourires ! Nous n&rsquo;attendons plus que le v\u00f4tre.<\/p>\n<p class=\"responsive-video-wrap clr\"><iframe loading=\"lazy\" title=\"Soir\u00e9e des b\u00e9n\u00e9voles\" width=\"1200\" height=\"675\" src=\"https:\/\/www.youtube.com\/embed\/xXnbZJFtthE?feature=oembed\" frameborder=\"0\" allow=\"accelerometer; autoplay; clipboard-write; encrypted-media; gyroscope; picture-in-picture; web-share\" referrerpolicy=\"strict-origin-when-cross-origin\" allowfullscreen><\/iframe><\/p>\n","protected":false},"excerpt":{"rendered":"<p>Un club de football, comme toute association, a besoin de b\u00e9n\u00e9voles. Un besoin vital. Sans b\u00e9n\u00e9voles, pas d&rsquo;arbitre pour une grande partie de nos matches, pas de dirigeant pour \u00e9pauler les \u00e9ducateurs, pas d&rsquo;accompagnant pour emmener les enfants sur les rencontres \u00e0 l&rsquo;ext\u00e9rieur, pas de stand lors de nos tournois&#8230; Alors, si vous disposez d&rsquo;un [&hellip;]<\/p>\n","protected":false},"author":2,"featured_media":9212,"comment_status":"open","ping_status":"open","sticky":false,"template":"","format":"standard","meta":{"_monsterinsights_skip_tracking":false,"_monsterinsights_sitenote_active":false,"_monsterinsights_sitenote_note":"","_monsterinsights_sitenote_category":0,"footnotes":""},"categories":[44],"tags":[],"class_list":["post-9211","post","type-post","status-publish","format-standard","has-post-thumbnail","hentry","category-slide","entry","has-media"],"yoast_head":"<!-- This site is optimized with the Yoast SEO plugin v19.6.1 - https:\/\/yoast.com\/wordpress\/plugins\/seo\/ -->\n<title>Et si vous deveniez b\u00e9n\u00e9vole au COV ? - CO Vincennes<\/title>\n<meta name=\"robots\" content=\"index, follow, max-snippet:-1, max-image-preview:large, max-video-preview:-1\" \/>\n<link rel=\"canonical\" href=\"https:\/\/covincennes.com\/index.php\/2025\/07\/29\/et-si-vous-deveniez-benevole-au-cov\/\" \/>\n<meta property=\"og:locale\" content=\"fr_FR\" \/>\n<meta property=\"og:type\" content=\"article\" \/>\n<meta property=\"og:title\" content=\"Et si vous deveniez b\u00e9n\u00e9vole au COV ? - CO Vincennes\" \/>\n<meta property=\"og:description\" content=\"Un club de football, comme toute association, a besoin de b\u00e9n\u00e9voles. Un besoin vital. Sans b\u00e9n\u00e9voles, pas d&rsquo;arbitre pour une grande partie de nos matches, pas de dirigeant pour \u00e9pauler les \u00e9ducateurs, pas d&rsquo;accompagnant pour emmener les enfants sur les rencontres \u00e0 l&rsquo;ext\u00e9rieur, pas de stand lors de nos tournois&#8230; Alors, si vous disposez d&rsquo;un [&hellip;]\" \/>\n<meta property=\"og:url\" content=\"https:\/\/covincennes.com\/index.php\/2025\/07\/29\/et-si-vous-deveniez-benevole-au-cov\/\" \/>\n<meta property=\"og:site_name\" content=\"CO Vincennes\" \/>\n<meta property=\"article:publisher\" content=\"https:\/\/www.facebook.com\/CO-VINCENNES-la-page-officielle-136021893155921\/\" \/>\n<meta property=\"article:published_time\" content=\"2025-07-29T16:54:27+00:00\" \/>\n<meta property=\"og:image\" content=\"https:\/\/covincennes.com\/wp-content\/uploads\/2025\/07\/Soiree-benevoles.jpg\" \/>\n\t<meta property=\"og:image:width\" content=\"643\" \/>\n\t<meta property=\"og:image:height\" content=\"480\" \/>\n\t<meta property=\"og:image:type\" content=\"image\/jpeg\" \/>\n<meta name=\"author\" content=\"Cole Hibry\" \/>\n<meta name=\"twitter:card\" content=\"summary_large_image\" \/>\n<meta name=\"twitter:creator\" content=\"@covincennes\" \/>\n<meta name=\"twitter:site\" content=\"@covincennes\" \/>\n<meta name=\"twitter:label1\" content=\"\u00c9crit par\" \/>\n\t<meta name=\"twitter:data1\" content=\"Cole Hibry\" \/>\n\t<meta name=\"twitter:label2\" content=\"Dur\u00e9e de lecture estim\u00e9e\" \/>\n\t<meta name=\"twitter:data2\" content=\"1 minute\" \/>\n<script type=\"application\/ld+json\" class=\"yoast-schema-graph\">{\"@context\":\"https:\/\/schema.org\",\"@graph\":[{\"@type\":\"Article\",\"@id\":\"https:\/\/covincennes.com\/index.php\/2025\/07\/29\/et-si-vous-deveniez-benevole-au-cov\/#article\",\"isPartOf\":{\"@id\":\"https:\/\/covincennes.com\/index.php\/2025\/07\/29\/et-si-vous-deveniez-benevole-au-cov\/\"},\"author\":{\"name\":\"Cole Hibry\",\"@id\":\"https:\/\/covincennes.com\/#\/schema\/person\/eb881824360af01aa016999e439303fe\"},\"headline\":\"Et si vous deveniez b\u00e9n\u00e9vole au COV ?\",\"datePublished\":\"2025-07-29T16:54:27+00:00\",\"dateModified\":\"2025-07-29T16:54:27+00:00\",\"mainEntityOfPage\":{\"@id\":\"https:\/\/covincennes.com\/index.php\/2025\/07\/29\/et-si-vous-deveniez-benevole-au-cov\/\"},\"wordCount\":143,\"commentCount\":0,\"publisher\":{\"@id\":\"https:\/\/covincennes.com\/#organization\"},\"articleSection\":[\"Slide\"],\"inLanguage\":\"fr-FR\",\"potentialAction\":[{\"@type\":\"CommentAction\",\"name\":\"Comment\",\"target\":[\"https:\/\/covincennes.com\/index.php\/2025\/07\/29\/et-si-vous-deveniez-benevole-au-cov\/#respond\"]}]},{\"@type\":\"WebPage\",\"@id\":\"https:\/\/covincennes.com\/index.php\/2025\/07\/29\/et-si-vous-deveniez-benevole-au-cov\/\",\"url\":\"https:\/\/covincennes.com\/index.php\/2025\/07\/29\/et-si-vous-deveniez-benevole-au-cov\/\",\"name\":\"Et si vous deveniez b\u00e9n\u00e9vole au COV ? - CO Vincennes\",\"isPartOf\":{\"@id\":\"https:\/\/covincennes.com\/#website\"},\"datePublished\":\"2025-07-29T16:54:27+00:00\",\"dateModified\":\"2025-07-29T16:54:27+00:00\",\"breadcrumb\":{\"@id\":\"https:\/\/covincennes.com\/index.php\/2025\/07\/29\/et-si-vous-deveniez-benevole-au-cov\/#breadcrumb\"},\"inLanguage\":\"fr-FR\",\"potentialAction\":[{\"@type\":\"ReadAction\",\"target\":[\"https:\/\/covincennes.com\/index.php\/2025\/07\/29\/et-si-vous-deveniez-benevole-au-cov\/\"]}]},{\"@type\":\"BreadcrumbList\",\"@id\":\"https:\/\/covincennes.com\/index.php\/2025\/07\/29\/et-si-vous-deveniez-benevole-au-cov\/#breadcrumb\",\"itemListElement\":[{\"@type\":\"ListItem\",\"position\":1,\"name\":\"Accueil\",\"item\":\"https:\/\/covincennes.com\/\"},{\"@type\":\"ListItem\",\"position\":2,\"name\":\"Et si vous deveniez b\u00e9n\u00e9vole au COV ?\"}]},{\"@type\":\"WebSite\",\"@id\":\"https:\/\/covincennes.com\/#website\",\"url\":\"https:\/\/covincennes.com\/\",\"name\":\"CO Vincennes\",\"description\":\"Un site utilisant WordPress\",\"publisher\":{\"@id\":\"https:\/\/covincennes.com\/#organization\"},\"potentialAction\":[{\"@type\":\"SearchAction\",\"target\":{\"@type\":\"EntryPoint\",\"urlTemplate\":\"https:\/\/covincennes.com\/?s={search_term_string}\"},\"query-input\":\"required name=search_term_string\"}],\"inLanguage\":\"fr-FR\"},{\"@type\":\"Organization\",\"@id\":\"https:\/\/covincennes.com\/#organization\",\"name\":\"CO Vincennes\",\"url\":\"https:\/\/covincennes.com\/\",\"sameAs\":[\"https:\/\/www.facebook.com\/CO-VINCENNES-la-page-officielle-136021893155921\/\",\"https:\/\/twitter.com\/covincennes\"],\"logo\":{\"@type\":\"ImageObject\",\"inLanguage\":\"fr-FR\",\"@id\":\"https:\/\/covincennes.com\/#\/schema\/logo\/image\/\",\"url\":\"https:\/\/covincennes.com\/wp-content\/uploads\/2019\/11\/logo-cov-png.png\",\"contentUrl\":\"https:\/\/covincennes.com\/wp-content\/uploads\/2019\/11\/logo-cov-png.png\",\"width\":495,\"height\":497,\"caption\":\"CO Vincennes\"},\"image\":{\"@id\":\"https:\/\/covincennes.com\/#\/schema\/logo\/image\/\"}},{\"@type\":\"Person\",\"@id\":\"https:\/\/covincennes.com\/#\/schema\/person\/eb881824360af01aa016999e439303fe\",\"name\":\"Cole Hibry\",\"image\":{\"@type\":\"ImageObject\",\"inLanguage\":\"fr-FR\",\"@id\":\"https:\/\/covincennes.com\/#\/schema\/person\/image\/\",\"url\":\"https:\/\/secure.gravatar.com\/avatar\/fdd68f914853e79675161dab52794fbe213aaa71837a3f83ab5d0669e81bb866?s=96&d=mm&r=g\",\"contentUrl\":\"https:\/\/secure.gravatar.com\/avatar\/fdd68f914853e79675161dab52794fbe213aaa71837a3f83ab5d0669e81bb866?s=96&d=mm&r=g\",\"caption\":\"Cole Hibry\"},\"url\":\"https:\/\/covincennes.com\/index.php\/author\/chevit-frederic\/\"}]}<\/script>\n<!-- \/ Yoast SEO plugin. -->","yoast_head_json":{"title":"Et si vous deveniez b\u00e9n\u00e9vole au COV ? - CO Vincennes","robots":{"index":"index","follow":"follow","max-snippet":"max-snippet:-1","max-image-preview":"max-image-preview:large","max-video-preview":"max-video-preview:-1"},"canonical":"https:\/\/covincennes.com\/index.php\/2025\/07\/29\/et-si-vous-deveniez-benevole-au-cov\/","og_locale":"fr_FR","og_type":"article","og_title":"Et si vous deveniez b\u00e9n\u00e9vole au COV ? - CO Vincennes","og_description":"Un club de football, comme toute association, a besoin de b\u00e9n\u00e9voles. Un besoin vital. Sans b\u00e9n\u00e9voles, pas d&rsquo;arbitre pour une grande partie de nos matches, pas de dirigeant pour \u00e9pauler les \u00e9ducateurs, pas d&rsquo;accompagnant pour emmener les enfants sur les rencontres \u00e0 l&rsquo;ext\u00e9rieur, pas de stand lors de nos tournois&#8230; Alors, si vous disposez d&rsquo;un [&hellip;]","og_url":"https:\/\/covincennes.com\/index.php\/2025\/07\/29\/et-si-vous-deveniez-benevole-au-cov\/","og_site_name":"CO Vincennes","article_publisher":"https:\/\/www.facebook.com\/CO-VINCENNES-la-page-officielle-136021893155921\/","article_published_time":"2025-07-29T16:54:27+00:00","og_image":[{"width":643,"height":480,"url":"https:\/\/covincennes.com\/wp-content\/uploads\/2025\/07\/Soiree-benevoles.jpg","type":"image\/jpeg"}],"author":"Cole Hibry","twitter_card":"summary_large_image","twitter_creator":"@covincennes","twitter_site":"@covincennes","twitter_misc":{"\u00c9crit par":"Cole Hibry","Dur\u00e9e de lecture estim\u00e9e":"1 minute"},"schema":{"@context":"https:\/\/schema.org","@graph":[{"@type":"Article","@id":"https:\/\/covincennes.com\/index.php\/2025\/07\/29\/et-si-vous-deveniez-benevole-au-cov\/#article","isPartOf":{"@id":"https:\/\/covincennes.com\/index.php\/2025\/07\/29\/et-si-vous-deveniez-benevole-au-cov\/"},"author":{"name":"Cole Hibry","@id":"https:\/\/covincennes.com\/#\/schema\/person\/eb881824360af01aa016999e439303fe"},"headline":"Et si vous deveniez b\u00e9n\u00e9vole au COV ?","datePublished":"2025-07-29T16:54:27+00:00","dateModified":"2025-07-29T16:54:27+00:00","mainEntityOfPage":{"@id":"https:\/\/covincennes.com\/index.php\/2025\/07\/29\/et-si-vous-deveniez-benevole-au-cov\/"},"wordCount":143,"commentCount":0,"publisher":{"@id":"https:\/\/covincennes.com\/#organization"},"articleSection":["Slide"],"inLanguage":"fr-FR","potentialAction":[{"@type":"CommentAction","name":"Comment","target":["https:\/\/covincennes.com\/index.php\/2025\/07\/29\/et-si-vous-deveniez-benevole-au-cov\/#respond"]}]},{"@type":"WebPage","@id":"https:\/\/covincennes.com\/index.php\/2025\/07\/29\/et-si-vous-deveniez-benevole-au-cov\/","url":"https:\/\/covincennes.com\/index.php\/2025\/07\/29\/et-si-vous-deveniez-benevole-au-cov\/","name":"Et si vous deveniez b\u00e9n\u00e9vole au COV ? - CO Vincennes","isPartOf":{"@id":"https:\/\/covincennes.com\/#website"},"datePublished":"2025-07-29T16:54:27+00:00","dateModified":"2025-07-29T16:54:27+00:00","breadcrumb":{"@id":"https:\/\/covincennes.com\/index.php\/2025\/07\/29\/et-si-vous-deveniez-benevole-au-cov\/#breadcrumb"},"inLanguage":"fr-FR","potentialAction":[{"@type":"ReadAction","target":["https:\/\/covincennes.com\/index.php\/2025\/07\/29\/et-si-vous-deveniez-benevole-au-cov\/"]}]},{"@type":"BreadcrumbList","@id":"https:\/\/covincennes.com\/index.php\/2025\/07\/29\/et-si-vous-deveniez-benevole-au-cov\/#breadcrumb","itemListElement":[{"@type":"ListItem","position":1,"name":"Accueil","item":"https:\/\/covincennes.com\/"},{"@type":"ListItem","position":2,"name":"Et si vous deveniez b\u00e9n\u00e9vole au COV ?"}]},{"@type":"WebSite","@id":"https:\/\/covincennes.com\/#website","url":"https:\/\/covincennes.com\/","name":"CO Vincennes","description":"Un site utilisant WordPress","publisher":{"@id":"https:\/\/covincennes.com\/#organization"},"potentialAction":[{"@type":"SearchAction","target":{"@type":"EntryPoint","urlTemplate":"https:\/\/covincennes.com\/?s={search_term_string}"},"query-input":"required name=search_term_string"}],"inLanguage":"fr-FR"},{"@type":"Organization","@id":"https:\/\/covincennes.com\/#organization","name":"CO Vincennes","url":"https:\/\/covincennes.com\/","sameAs":["https:\/\/www.facebook.com\/CO-VINCENNES-la-page-officielle-136021893155921\/","https:\/\/twitter.com\/covincennes"],"logo":{"@type":"ImageObject","inLanguage":"fr-FR","@id":"https:\/\/covincennes.com\/#\/schema\/logo\/image\/","url":"https:\/\/covincennes.com\/wp-content\/uploads\/2019\/11\/logo-cov-png.png","contentUrl":"https:\/\/covincennes.com\/wp-content\/uploads\/2019\/11\/logo-cov-png.png","width":495,"height":497,"caption":"CO Vincennes"},"image":{"@id":"https:\/\/covincennes.com\/#\/schema\/logo\/image\/"}},{"@type":"Person","@id":"https:\/\/covincennes.com\/#\/schema\/person\/eb881824360af01aa016999e439303fe","name":"Cole Hibry","image":{"@type":"ImageObject","inLanguage":"fr-FR","@id":"https:\/\/covincennes.com\/#\/schema\/person\/image\/","url":"https:\/\/secure.gravatar.com\/avatar\/fdd68f914853e79675161dab52794fbe213aaa71837a3f83ab5d0669e81bb866?s=96&d=mm&r=g","contentUrl":"https:\/\/secure.gravatar.com\/avatar\/fdd68f914853e79675161dab52794fbe213aaa71837a3f83ab5d0669e81bb866?s=96&d=mm&r=g","caption":"Cole Hibry"},"url":"https:\/\/covincennes.com\/index.php\/author\/chevit-frederic\/"}]}},"_links":{"self":[{"href":"https:\/\/covincennes.com\/index.php\/wp-json\/wp\/v2\/posts\/9211","targetHints":{"allow":["GET"]}}],"collection":[{"href":"https:\/\/covincennes.com\/index.php\/wp-json\/wp\/v2\/posts"}],"about":[{"href":"https:\/\/covincennes.com\/index.php\/wp-json\/wp\/v2\/types\/post"}],"author":[{"embeddable":true,"href":"https:\/\/covincennes.com\/index.php\/wp-json\/wp\/v2\/users\/2"}],"replies":[{"embeddable":true,"href":"https:\/\/covincennes.com\/index.php\/wp-json\/wp\/v2\/comments?post=9211"}],"version-history":[{"count":1,"href":"https:\/\/covincennes.com\/index.php\/wp-json\/wp\/v2\/posts\/9211\/revisions"}],"predecessor-version":[{"id":9213,"href":"https:\/\/covincennes.com\/index.php\/wp-json\/wp\/v2\/posts\/9211\/revisions\/9213"}],"wp:featuredmedia":[{"embeddable":true,"href":"https:\/\/covincennes.com\/index.php\/wp-json\/wp\/v2\/media\/9212"}],"wp:attachment":[{"href":"https:\/\/covincennes.com\/index.php\/wp-json\/wp\/v2\/media?parent=9211"}],"wp:term":[{"taxonomy":"category","embeddable":true,"href":"https:\/\/covincennes.com\/index.php\/wp-json\/wp\/v2\/categories?post=9211"},{"taxonomy":"post_tag","embeddable":true,"href":"https:\/\/covincennes.com\/index.php\/wp-json\/wp\/v2\/tags?post=9211"}],"curies":[{"name":"wp","href":"https:\/\/api.w.org\/{rel}","templated":true}]}}