{"id":9270,"date":"2025-09-22T23:50:55","date_gmt":"2025-09-22T21:50:55","guid":{"rendered":"https:\/\/covincennes.com\/?p=9270"},"modified":"2025-10-08T00:02:48","modified_gmt":"2025-10-07T22:02:48","slug":"nos-seniors-a-avec-maitrise","status":"publish","type":"post","link":"https:\/\/covincennes.com\/index.php\/2025\/09\/22\/nos-seniors-a-avec-maitrise\/","title":{"rendered":"Nos s\u00e9niors A avec ma\u00eetrise"},"content":{"rendered":"<p>Tenus en \u00e9chec (2-2 \u00e0 Grigny) pour l&rsquo;ouverture du championnat, dans des conditions particuli\u00e8rement frustrantes, nos s\u00e9niors A n&rsquo;ont pas laiss\u00e9 \u00e9chapper l&rsquo;occasion de remporter leur premi\u00e8re victoire en dominant Igny plus nettement que ne l&rsquo;indique le score (3-1).<\/p>\n<p>Certes, l&rsquo;adversaire du jour n&rsquo;a pas fait forte impression et a sembl\u00e9 vite baisser les bras, mais les hommes de Carl n&rsquo;en ont pas moins marqu\u00e9 trois jolis buts, par le toujours jeune Boubou, auteur d&rsquo;un doubl\u00e9, et Kender, d&rsquo;une reprise de vol\u00e9e qui a fait trembler la barre transversale avant de frapper les filets.<\/p>\n<p>Apr\u00e8s un premier tour de Coupe de Paris, dimanche prochain \u00e0 domicile contre Noisy-le-Grand (R3), nos Vincennois iront le 5 octobre \u00e0 Villemomble affronter une opposition probablement plus solide. Un test.<\/p>\n<p class=\"responsive-video-wrap clr\"><iframe loading=\"lazy\" title=\"COV - IGNY : le r\u00e9sum\u00e9\" width=\"1200\" height=\"675\" src=\"https:\/\/www.youtube.com\/embed\/npDvJB8uE0c?feature=oembed\" frameborder=\"0\" allow=\"accelerometer; autoplay; clipboard-write; encrypted-media; gyroscope; picture-in-picture; web-share\" referrerpolicy=\"strict-origin-when-cross-origin\" allowfullscreen><\/iframe><\/p>\n<p class=\"responsive-video-wrap clr\"><iframe loading=\"lazy\" title=\"Le chant de victoire\" width=\"1200\" height=\"675\" src=\"https:\/\/www.youtube.com\/embed\/7gC3beMAH0s?feature=oembed\" frameborder=\"0\" allow=\"accelerometer; autoplay; clipboard-write; encrypted-media; gyroscope; picture-in-picture; web-share\" referrerpolicy=\"strict-origin-when-cross-origin\" allowfullscreen><\/iframe><\/p>\n","protected":false},"excerpt":{"rendered":"<p>Tenus en \u00e9chec (2-2 \u00e0 Grigny) pour l&rsquo;ouverture du championnat, dans des conditions particuli\u00e8rement frustrantes, nos s\u00e9niors A n&rsquo;ont pas laiss\u00e9 \u00e9chapper l&rsquo;occasion de remporter leur premi\u00e8re victoire en dominant Igny plus nettement que ne l&rsquo;indique le score (3-1). Certes, l&rsquo;adversaire du jour n&rsquo;a pas fait forte impression et a sembl\u00e9 vite baisser les bras, [&hellip;]<\/p>\n","protected":false},"author":2,"featured_media":9271,"comment_status":"open","ping_status":"open","sticky":false,"template":"","format":"standard","meta":{"_monsterinsights_skip_tracking":false,"_monsterinsights_sitenote_active":false,"_monsterinsights_sitenote_note":"","_monsterinsights_sitenote_category":0,"footnotes":""},"categories":[48],"tags":[],"class_list":["post-9270","post","type-post","status-publish","format-standard","has-post-thumbnail","hentry","category-a-la-une","entry","has-media"],"yoast_head":"<!-- This site is optimized with the Yoast SEO plugin v19.6.1 - https:\/\/yoast.com\/wordpress\/plugins\/seo\/ -->\n<title>Nos s\u00e9niors A avec ma\u00eetrise - CO Vincennes<\/title>\n<meta name=\"robots\" content=\"index, follow, max-snippet:-1, max-image-preview:large, max-video-preview:-1\" \/>\n<link rel=\"canonical\" href=\"https:\/\/covincennes.com\/index.php\/2025\/09\/22\/nos-seniors-a-avec-maitrise\/\" \/>\n<meta property=\"og:locale\" content=\"fr_FR\" \/>\n<meta property=\"og:type\" content=\"article\" \/>\n<meta property=\"og:title\" content=\"Nos s\u00e9niors A avec ma\u00eetrise - CO Vincennes\" \/>\n<meta property=\"og:description\" content=\"Tenus en \u00e9chec (2-2 \u00e0 Grigny) pour l&rsquo;ouverture du championnat, dans des conditions particuli\u00e8rement frustrantes, nos s\u00e9niors A n&rsquo;ont pas laiss\u00e9 \u00e9chapper l&rsquo;occasion de remporter leur premi\u00e8re victoire en dominant Igny plus nettement que ne l&rsquo;indique le score (3-1). Certes, l&rsquo;adversaire du jour n&rsquo;a pas fait forte impression et a sembl\u00e9 vite baisser les bras, [&hellip;]\" \/>\n<meta property=\"og:url\" content=\"https:\/\/covincennes.com\/index.php\/2025\/09\/22\/nos-seniors-a-avec-maitrise\/\" \/>\n<meta property=\"og:site_name\" content=\"CO Vincennes\" \/>\n<meta property=\"article:publisher\" content=\"https:\/\/www.facebook.com\/CO-VINCENNES-la-page-officielle-136021893155921\/\" \/>\n<meta property=\"article:published_time\" content=\"2025-09-22T21:50:55+00:00\" \/>\n<meta property=\"article:modified_time\" content=\"2025-10-07T22:02:48+00:00\" \/>\n<meta property=\"og:image\" content=\"https:\/\/covincennes.com\/wp-content\/uploads\/2025\/09\/Igny-redimensionnee.jpg\" \/>\n\t<meta property=\"og:image:width\" content=\"643\" \/>\n\t<meta property=\"og:image:height\" content=\"480\" \/>\n\t<meta property=\"og:image:type\" content=\"image\/jpeg\" \/>\n<meta name=\"author\" content=\"Cole Hibry\" \/>\n<meta name=\"twitter:card\" content=\"summary_large_image\" \/>\n<meta name=\"twitter:creator\" content=\"@covincennes\" \/>\n<meta name=\"twitter:site\" content=\"@covincennes\" \/>\n<meta name=\"twitter:label1\" content=\"\u00c9crit par\" \/>\n\t<meta name=\"twitter:data1\" content=\"Cole Hibry\" \/>\n\t<meta name=\"twitter:label2\" content=\"Dur\u00e9e de lecture estim\u00e9e\" \/>\n\t<meta name=\"twitter:data2\" content=\"1 minute\" \/>\n<script type=\"application\/ld+json\" class=\"yoast-schema-graph\">{\"@context\":\"https:\/\/schema.org\",\"@graph\":[{\"@type\":\"Article\",\"@id\":\"https:\/\/covincennes.com\/index.php\/2025\/09\/22\/nos-seniors-a-avec-maitrise\/#article\",\"isPartOf\":{\"@id\":\"https:\/\/covincennes.com\/index.php\/2025\/09\/22\/nos-seniors-a-avec-maitrise\/\"},\"author\":{\"name\":\"Cole Hibry\",\"@id\":\"https:\/\/covincennes.com\/#\/schema\/person\/eb881824360af01aa016999e439303fe\"},\"headline\":\"Nos s\u00e9niors A avec ma\u00eetrise\",\"datePublished\":\"2025-09-22T21:50:55+00:00\",\"dateModified\":\"2025-10-07T22:02:48+00:00\",\"mainEntityOfPage\":{\"@id\":\"https:\/\/covincennes.com\/index.php\/2025\/09\/22\/nos-seniors-a-avec-maitrise\/\"},\"wordCount\":145,\"commentCount\":0,\"publisher\":{\"@id\":\"https:\/\/covincennes.com\/#organization\"},\"articleSection\":[\"\u00e0 la une\"],\"inLanguage\":\"fr-FR\",\"potentialAction\":[{\"@type\":\"CommentAction\",\"name\":\"Comment\",\"target\":[\"https:\/\/covincennes.com\/index.php\/2025\/09\/22\/nos-seniors-a-avec-maitrise\/#respond\"]}]},{\"@type\":\"WebPage\",\"@id\":\"https:\/\/covincennes.com\/index.php\/2025\/09\/22\/nos-seniors-a-avec-maitrise\/\",\"url\":\"https:\/\/covincennes.com\/index.php\/2025\/09\/22\/nos-seniors-a-avec-maitrise\/\",\"name\":\"Nos s\u00e9niors A avec ma\u00eetrise - CO Vincennes\",\"isPartOf\":{\"@id\":\"https:\/\/covincennes.com\/#website\"},\"datePublished\":\"2025-09-22T21:50:55+00:00\",\"dateModified\":\"2025-10-07T22:02:48+00:00\",\"breadcrumb\":{\"@id\":\"https:\/\/covincennes.com\/index.php\/2025\/09\/22\/nos-seniors-a-avec-maitrise\/#breadcrumb\"},\"inLanguage\":\"fr-FR\",\"potentialAction\":[{\"@type\":\"ReadAction\",\"target\":[\"https:\/\/covincennes.com\/index.php\/2025\/09\/22\/nos-seniors-a-avec-maitrise\/\"]}]},{\"@type\":\"BreadcrumbList\",\"@id\":\"https:\/\/covincennes.com\/index.php\/2025\/09\/22\/nos-seniors-a-avec-maitrise\/#breadcrumb\",\"itemListElement\":[{\"@type\":\"ListItem\",\"position\":1,\"name\":\"Accueil\",\"item\":\"https:\/\/covincennes.com\/\"},{\"@type\":\"ListItem\",\"position\":2,\"name\":\"Nos s\u00e9niors A avec ma\u00eetrise\"}]},{\"@type\":\"WebSite\",\"@id\":\"https:\/\/covincennes.com\/#website\",\"url\":\"https:\/\/covincennes.com\/\",\"name\":\"CO Vincennes\",\"description\":\"Un site utilisant WordPress\",\"publisher\":{\"@id\":\"https:\/\/covincennes.com\/#organization\"},\"potentialAction\":[{\"@type\":\"SearchAction\",\"target\":{\"@type\":\"EntryPoint\",\"urlTemplate\":\"https:\/\/covincennes.com\/?s={search_term_string}\"},\"query-input\":\"required name=search_term_string\"}],\"inLanguage\":\"fr-FR\"},{\"@type\":\"Organization\",\"@id\":\"https:\/\/covincennes.com\/#organization\",\"name\":\"CO Vincennes\",\"url\":\"https:\/\/covincennes.com\/\",\"sameAs\":[\"https:\/\/www.facebook.com\/CO-VINCENNES-la-page-officielle-136021893155921\/\",\"https:\/\/twitter.com\/covincennes\"],\"logo\":{\"@type\":\"ImageObject\",\"inLanguage\":\"fr-FR\",\"@id\":\"https:\/\/covincennes.com\/#\/schema\/logo\/image\/\",\"url\":\"https:\/\/covincennes.com\/wp-content\/uploads\/2019\/11\/logo-cov-png.png\",\"contentUrl\":\"https:\/\/covincennes.com\/wp-content\/uploads\/2019\/11\/logo-cov-png.png\",\"width\":495,\"height\":497,\"caption\":\"CO Vincennes\"},\"image\":{\"@id\":\"https:\/\/covincennes.com\/#\/schema\/logo\/image\/\"}},{\"@type\":\"Person\",\"@id\":\"https:\/\/covincennes.com\/#\/schema\/person\/eb881824360af01aa016999e439303fe\",\"name\":\"Cole Hibry\",\"image\":{\"@type\":\"ImageObject\",\"inLanguage\":\"fr-FR\",\"@id\":\"https:\/\/covincennes.com\/#\/schema\/person\/image\/\",\"url\":\"https:\/\/secure.gravatar.com\/avatar\/fdd68f914853e79675161dab52794fbe213aaa71837a3f83ab5d0669e81bb866?s=96&d=mm&r=g\",\"contentUrl\":\"https:\/\/secure.gravatar.com\/avatar\/fdd68f914853e79675161dab52794fbe213aaa71837a3f83ab5d0669e81bb866?s=96&d=mm&r=g\",\"caption\":\"Cole Hibry\"},\"url\":\"https:\/\/covincennes.com\/index.php\/author\/chevit-frederic\/\"}]}<\/script>\n<!-- \/ Yoast SEO plugin. -->","yoast_head_json":{"title":"Nos s\u00e9niors A avec ma\u00eetrise - CO Vincennes","robots":{"index":"index","follow":"follow","max-snippet":"max-snippet:-1","max-image-preview":"max-image-preview:large","max-video-preview":"max-video-preview:-1"},"canonical":"https:\/\/covincennes.com\/index.php\/2025\/09\/22\/nos-seniors-a-avec-maitrise\/","og_locale":"fr_FR","og_type":"article","og_title":"Nos s\u00e9niors A avec ma\u00eetrise - CO Vincennes","og_description":"Tenus en \u00e9chec (2-2 \u00e0 Grigny) pour l&rsquo;ouverture du championnat, dans des conditions particuli\u00e8rement frustrantes, nos s\u00e9niors A n&rsquo;ont pas laiss\u00e9 \u00e9chapper l&rsquo;occasion de remporter leur premi\u00e8re victoire en dominant Igny plus nettement que ne l&rsquo;indique le score (3-1). Certes, l&rsquo;adversaire du jour n&rsquo;a pas fait forte impression et a sembl\u00e9 vite baisser les bras, [&hellip;]","og_url":"https:\/\/covincennes.com\/index.php\/2025\/09\/22\/nos-seniors-a-avec-maitrise\/","og_site_name":"CO Vincennes","article_publisher":"https:\/\/www.facebook.com\/CO-VINCENNES-la-page-officielle-136021893155921\/","article_published_time":"2025-09-22T21:50:55+00:00","article_modified_time":"2025-10-07T22:02:48+00:00","og_image":[{"width":643,"height":480,"url":"https:\/\/covincennes.com\/wp-content\/uploads\/2025\/09\/Igny-redimensionnee.jpg","type":"image\/jpeg"}],"author":"Cole Hibry","twitter_card":"summary_large_image","twitter_creator":"@covincennes","twitter_site":"@covincennes","twitter_misc":{"\u00c9crit par":"Cole Hibry","Dur\u00e9e de lecture estim\u00e9e":"1 minute"},"schema":{"@context":"https:\/\/schema.org","@graph":[{"@type":"Article","@id":"https:\/\/covincennes.com\/index.php\/2025\/09\/22\/nos-seniors-a-avec-maitrise\/#article","isPartOf":{"@id":"https:\/\/covincennes.com\/index.php\/2025\/09\/22\/nos-seniors-a-avec-maitrise\/"},"author":{"name":"Cole Hibry","@id":"https:\/\/covincennes.com\/#\/schema\/person\/eb881824360af01aa016999e439303fe"},"headline":"Nos s\u00e9niors A avec ma\u00eetrise","datePublished":"2025-09-22T21:50:55+00:00","dateModified":"2025-10-07T22:02:48+00:00","mainEntityOfPage":{"@id":"https:\/\/covincennes.com\/index.php\/2025\/09\/22\/nos-seniors-a-avec-maitrise\/"},"wordCount":145,"commentCount":0,"publisher":{"@id":"https:\/\/covincennes.com\/#organization"},"articleSection":["\u00e0 la une"],"inLanguage":"fr-FR","potentialAction":[{"@type":"CommentAction","name":"Comment","target":["https:\/\/covincennes.com\/index.php\/2025\/09\/22\/nos-seniors-a-avec-maitrise\/#respond"]}]},{"@type":"WebPage","@id":"https:\/\/covincennes.com\/index.php\/2025\/09\/22\/nos-seniors-a-avec-maitrise\/","url":"https:\/\/covincennes.com\/index.php\/2025\/09\/22\/nos-seniors-a-avec-maitrise\/","name":"Nos s\u00e9niors A avec ma\u00eetrise - CO Vincennes","isPartOf":{"@id":"https:\/\/covincennes.com\/#website"},"datePublished":"2025-09-22T21:50:55+00:00","dateModified":"2025-10-07T22:02:48+00:00","breadcrumb":{"@id":"https:\/\/covincennes.com\/index.php\/2025\/09\/22\/nos-seniors-a-avec-maitrise\/#breadcrumb"},"inLanguage":"fr-FR","potentialAction":[{"@type":"ReadAction","target":["https:\/\/covincennes.com\/index.php\/2025\/09\/22\/nos-seniors-a-avec-maitrise\/"]}]},{"@type":"BreadcrumbList","@id":"https:\/\/covincennes.com\/index.php\/2025\/09\/22\/nos-seniors-a-avec-maitrise\/#breadcrumb","itemListElement":[{"@type":"ListItem","position":1,"name":"Accueil","item":"https:\/\/covincennes.com\/"},{"@type":"ListItem","position":2,"name":"Nos s\u00e9niors A avec ma\u00eetrise"}]},{"@type":"WebSite","@id":"https:\/\/covincennes.com\/#website","url":"https:\/\/covincennes.com\/","name":"CO Vincennes","description":"Un site utilisant WordPress","publisher":{"@id":"https:\/\/covincennes.com\/#organization"},"potentialAction":[{"@type":"SearchAction","target":{"@type":"EntryPoint","urlTemplate":"https:\/\/covincennes.com\/?s={search_term_string}"},"query-input":"required name=search_term_string"}],"inLanguage":"fr-FR"},{"@type":"Organization","@id":"https:\/\/covincennes.com\/#organization","name":"CO Vincennes","url":"https:\/\/covincennes.com\/","sameAs":["https:\/\/www.facebook.com\/CO-VINCENNES-la-page-officielle-136021893155921\/","https:\/\/twitter.com\/covincennes"],"logo":{"@type":"ImageObject","inLanguage":"fr-FR","@id":"https:\/\/covincennes.com\/#\/schema\/logo\/image\/","url":"https:\/\/covincennes.com\/wp-content\/uploads\/2019\/11\/logo-cov-png.png","contentUrl":"https:\/\/covincennes.com\/wp-content\/uploads\/2019\/11\/logo-cov-png.png","width":495,"height":497,"caption":"CO Vincennes"},"image":{"@id":"https:\/\/covincennes.com\/#\/schema\/logo\/image\/"}},{"@type":"Person","@id":"https:\/\/covincennes.com\/#\/schema\/person\/eb881824360af01aa016999e439303fe","name":"Cole Hibry","image":{"@type":"ImageObject","inLanguage":"fr-FR","@id":"https:\/\/covincennes.com\/#\/schema\/person\/image\/","url":"https:\/\/secure.gravatar.com\/avatar\/fdd68f914853e79675161dab52794fbe213aaa71837a3f83ab5d0669e81bb866?s=96&d=mm&r=g","contentUrl":"https:\/\/secure.gravatar.com\/avatar\/fdd68f914853e79675161dab52794fbe213aaa71837a3f83ab5d0669e81bb866?s=96&d=mm&r=g","caption":"Cole Hibry"},"url":"https:\/\/covincennes.com\/index.php\/author\/chevit-frederic\/"}]}},"_links":{"self":[{"href":"https:\/\/covincennes.com\/index.php\/wp-json\/wp\/v2\/posts\/9270","targetHints":{"allow":["GET"]}}],"collection":[{"href":"https:\/\/covincennes.com\/index.php\/wp-json\/wp\/v2\/posts"}],"about":[{"href":"https:\/\/covincennes.com\/index.php\/wp-json\/wp\/v2\/types\/post"}],"author":[{"embeddable":true,"href":"https:\/\/covincennes.com\/index.php\/wp-json\/wp\/v2\/users\/2"}],"replies":[{"embeddable":true,"href":"https:\/\/covincennes.com\/index.php\/wp-json\/wp\/v2\/comments?post=9270"}],"version-history":[{"count":4,"href":"https:\/\/covincennes.com\/index.php\/wp-json\/wp\/v2\/posts\/9270\/revisions"}],"predecessor-version":[{"id":9326,"href":"https:\/\/covincennes.com\/index.php\/wp-json\/wp\/v2\/posts\/9270\/revisions\/9326"}],"wp:featuredmedia":[{"embeddable":true,"href":"https:\/\/covincennes.com\/index.php\/wp-json\/wp\/v2\/media\/9271"}],"wp:attachment":[{"href":"https:\/\/covincennes.com\/index.php\/wp-json\/wp\/v2\/media?parent=9270"}],"wp:term":[{"taxonomy":"category","embeddable":true,"href":"https:\/\/covincennes.com\/index.php\/wp-json\/wp\/v2\/categories?post=9270"},{"taxonomy":"post_tag","embeddable":true,"href":"https:\/\/covincennes.com\/index.php\/wp-json\/wp\/v2\/tags?post=9270"}],"curies":[{"name":"wp","href":"https:\/\/api.w.org\/{rel}","templated":true}]}}