{"id":9292,"date":"2025-09-23T23:14:02","date_gmt":"2025-09-23T21:14:02","guid":{"rendered":"https:\/\/covincennes.com\/?p=9292"},"modified":"2026-01-21T17:09:45","modified_gmt":"2026-01-21T16:09:45","slug":"quatre-fevrier-a-la-reunion-des-parents-presentation-tres-reussie","status":"publish","type":"post","link":"https:\/\/covincennes.com\/index.php\/2025\/09\/23\/quatre-fevrier-a-la-reunion-des-parents-presentation-tres-reussie\/","title":{"rendered":"\u00ab\u00a0Quatre F\u00e9vrier\u00a0\u00bb \u00e0 la r\u00e9union des parents : pr\u00e9sentation tr\u00e8s r\u00e9ussie !"},"content":{"rendered":"<p>La traditionnelle r\u00e9union de rentr\u00e9e de l&rsquo;\u00c9cole de Foot a permis aux parents et aux dirigeants du COV de faire connaissance, ou de se retrouver, selon que les premiers \u00e9taient ou pas nouveaux au club.<\/p>\n<p>Comme chaque ann\u00e9e, de pr\u00e9cieuses informations ont \u00e9t\u00e9 donn\u00e9es \u00e0 cette occasion mais c&rsquo;est la pr\u00e9sentation du nouveau maillot qui a le plus retenu l&rsquo;attention. D&rsquo;abord parce qu&rsquo;il tranche, par sa dominante noire, avec les maillots des saisons pr\u00e9c\u00e9dentes, ensuite en raison de la nature du partenaire de c\u0153ur 25-26 : Quatre F\u00e9vrier, une application.<\/p>\n<p>Sa fondatrice, L\u00e9a Millet-Nabet, \u00e9tait l\u00e0 pour pr\u00e9senter son b\u00e9b\u00e9 et son objectif : aider les personnes atteintes d&rsquo;un cancer et encore plus leur entourage \u00e0 affronter cette \u00e9preuve gr\u00e2ce \u00e0 des conseils et des renseignements pr\u00e9cieux.<\/p>\n<p>L&rsquo;attention avec laquelle l&rsquo;assistance l&rsquo;a \u00e9cout\u00e9e (<em>notre photo ci-dessous<\/em>) et l&rsquo;int\u00e9r\u00eat pour son flyer ont d\u00e9montr\u00e9, s&rsquo;il en \u00e9tait besoin, que cette application est indispensable et que le COV ne s&rsquo;est pas tromp\u00e9 en lui apportant, modestement, de la visibilit\u00e9 via les maillots de ses enfants.<\/p>\n<p><img loading=\"lazy\" decoding=\"async\" class=\" wp-image-9296\" src=\"https:\/\/covincennes.com\/wp-content\/uploads\/2025\/09\/Lea-Millet-Nabet-300x224.jpg\" alt=\"\" width=\"498\" height=\"372\" srcset=\"https:\/\/covincennes.com\/wp-content\/uploads\/2025\/09\/Lea-Millet-Nabet-300x224.jpg 300w, https:\/\/covincennes.com\/wp-content\/uploads\/2025\/09\/Lea-Millet-Nabet.jpg 643w\" sizes=\"auto, (max-width: 498px) 100vw, 498px\" \/><\/p>\n","protected":false},"excerpt":{"rendered":"<p>La traditionnelle r\u00e9union de rentr\u00e9e de l&rsquo;\u00c9cole de Foot a permis aux parents et aux dirigeants du COV de faire connaissance, ou de se retrouver, selon que les premiers \u00e9taient ou pas nouveaux au club. Comme chaque ann\u00e9e, de pr\u00e9cieuses informations ont \u00e9t\u00e9 donn\u00e9es \u00e0 cette occasion mais c&rsquo;est la pr\u00e9sentation du nouveau maillot qui [&hellip;]<\/p>\n","protected":false},"author":2,"featured_media":9295,"comment_status":"open","ping_status":"open","sticky":false,"template":"","format":"standard","meta":{"_monsterinsights_skip_tracking":false,"_monsterinsights_sitenote_active":false,"_monsterinsights_sitenote_note":"","_monsterinsights_sitenote_category":0,"footnotes":""},"categories":[48],"tags":[],"class_list":["post-9292","post","type-post","status-publish","format-standard","has-post-thumbnail","hentry","category-a-la-une","entry","has-media"],"yoast_head":"<!-- This site is optimized with the Yoast SEO plugin v19.6.1 - https:\/\/yoast.com\/wordpress\/plugins\/seo\/ -->\n<title>&quot;Quatre F\u00e9vrier&quot; \u00e0 la r\u00e9union des parents : pr\u00e9sentation tr\u00e8s r\u00e9ussie ! - CO Vincennes<\/title>\n<meta name=\"robots\" content=\"index, follow, max-snippet:-1, max-image-preview:large, max-video-preview:-1\" \/>\n<link rel=\"canonical\" href=\"https:\/\/covincennes.com\/index.php\/2025\/09\/23\/quatre-fevrier-a-la-reunion-des-parents-presentation-tres-reussie\/\" \/>\n<meta property=\"og:locale\" content=\"fr_FR\" \/>\n<meta property=\"og:type\" content=\"article\" \/>\n<meta property=\"og:title\" content=\"&quot;Quatre F\u00e9vrier&quot; \u00e0 la r\u00e9union des parents : pr\u00e9sentation tr\u00e8s r\u00e9ussie ! - CO Vincennes\" \/>\n<meta property=\"og:description\" content=\"La traditionnelle r\u00e9union de rentr\u00e9e de l&rsquo;\u00c9cole de Foot a permis aux parents et aux dirigeants du COV de faire connaissance, ou de se retrouver, selon que les premiers \u00e9taient ou pas nouveaux au club. Comme chaque ann\u00e9e, de pr\u00e9cieuses informations ont \u00e9t\u00e9 donn\u00e9es \u00e0 cette occasion mais c&rsquo;est la pr\u00e9sentation du nouveau maillot qui [&hellip;]\" \/>\n<meta property=\"og:url\" content=\"https:\/\/covincennes.com\/index.php\/2025\/09\/23\/quatre-fevrier-a-la-reunion-des-parents-presentation-tres-reussie\/\" \/>\n<meta property=\"og:site_name\" content=\"CO Vincennes\" \/>\n<meta property=\"article:publisher\" content=\"https:\/\/www.facebook.com\/CO-VINCENNES-la-page-officielle-136021893155921\/\" \/>\n<meta property=\"article:published_time\" content=\"2025-09-23T21:14:02+00:00\" \/>\n<meta property=\"article:modified_time\" content=\"2026-01-21T16:09:45+00:00\" \/>\n<meta property=\"og:image\" content=\"https:\/\/covincennes.com\/wp-content\/uploads\/2025\/09\/Lea-2-redimensionnee.jpg\" \/>\n\t<meta property=\"og:image:width\" content=\"643\" \/>\n\t<meta property=\"og:image:height\" content=\"480\" \/>\n\t<meta property=\"og:image:type\" content=\"image\/jpeg\" \/>\n<meta name=\"author\" content=\"Cole Hibry\" \/>\n<meta name=\"twitter:card\" content=\"summary_large_image\" \/>\n<meta name=\"twitter:creator\" content=\"@covincennes\" \/>\n<meta name=\"twitter:site\" content=\"@covincennes\" \/>\n<meta name=\"twitter:label1\" content=\"\u00c9crit par\" \/>\n\t<meta name=\"twitter:data1\" content=\"Cole Hibry\" \/>\n\t<meta name=\"twitter:label2\" content=\"Dur\u00e9e de lecture estim\u00e9e\" \/>\n\t<meta name=\"twitter:data2\" content=\"2 minutes\" \/>\n<script type=\"application\/ld+json\" class=\"yoast-schema-graph\">{\"@context\":\"https:\/\/schema.org\",\"@graph\":[{\"@type\":\"Article\",\"@id\":\"https:\/\/covincennes.com\/index.php\/2025\/09\/23\/quatre-fevrier-a-la-reunion-des-parents-presentation-tres-reussie\/#article\",\"isPartOf\":{\"@id\":\"https:\/\/covincennes.com\/index.php\/2025\/09\/23\/quatre-fevrier-a-la-reunion-des-parents-presentation-tres-reussie\/\"},\"author\":{\"name\":\"Cole Hibry\",\"@id\":\"https:\/\/covincennes.com\/#\/schema\/person\/eb881824360af01aa016999e439303fe\"},\"headline\":\"\u00ab\u00a0Quatre F\u00e9vrier\u00a0\u00bb \u00e0 la r\u00e9union des parents : pr\u00e9sentation tr\u00e8s r\u00e9ussie !\",\"datePublished\":\"2025-09-23T21:14:02+00:00\",\"dateModified\":\"2026-01-21T16:09:45+00:00\",\"mainEntityOfPage\":{\"@id\":\"https:\/\/covincennes.com\/index.php\/2025\/09\/23\/quatre-fevrier-a-la-reunion-des-parents-presentation-tres-reussie\/\"},\"wordCount\":202,\"commentCount\":0,\"publisher\":{\"@id\":\"https:\/\/covincennes.com\/#organization\"},\"articleSection\":[\"\u00e0 la une\"],\"inLanguage\":\"fr-FR\",\"potentialAction\":[{\"@type\":\"CommentAction\",\"name\":\"Comment\",\"target\":[\"https:\/\/covincennes.com\/index.php\/2025\/09\/23\/quatre-fevrier-a-la-reunion-des-parents-presentation-tres-reussie\/#respond\"]}]},{\"@type\":\"WebPage\",\"@id\":\"https:\/\/covincennes.com\/index.php\/2025\/09\/23\/quatre-fevrier-a-la-reunion-des-parents-presentation-tres-reussie\/\",\"url\":\"https:\/\/covincennes.com\/index.php\/2025\/09\/23\/quatre-fevrier-a-la-reunion-des-parents-presentation-tres-reussie\/\",\"name\":\"\\\"Quatre F\u00e9vrier\\\" \u00e0 la r\u00e9union des parents : pr\u00e9sentation tr\u00e8s r\u00e9ussie ! - CO Vincennes\",\"isPartOf\":{\"@id\":\"https:\/\/covincennes.com\/#website\"},\"datePublished\":\"2025-09-23T21:14:02+00:00\",\"dateModified\":\"2026-01-21T16:09:45+00:00\",\"breadcrumb\":{\"@id\":\"https:\/\/covincennes.com\/index.php\/2025\/09\/23\/quatre-fevrier-a-la-reunion-des-parents-presentation-tres-reussie\/#breadcrumb\"},\"inLanguage\":\"fr-FR\",\"potentialAction\":[{\"@type\":\"ReadAction\",\"target\":[\"https:\/\/covincennes.com\/index.php\/2025\/09\/23\/quatre-fevrier-a-la-reunion-des-parents-presentation-tres-reussie\/\"]}]},{\"@type\":\"BreadcrumbList\",\"@id\":\"https:\/\/covincennes.com\/index.php\/2025\/09\/23\/quatre-fevrier-a-la-reunion-des-parents-presentation-tres-reussie\/#breadcrumb\",\"itemListElement\":[{\"@type\":\"ListItem\",\"position\":1,\"name\":\"Accueil\",\"item\":\"https:\/\/covincennes.com\/\"},{\"@type\":\"ListItem\",\"position\":2,\"name\":\"\u00ab\u00a0Quatre F\u00e9vrier\u00a0\u00bb \u00e0 la r\u00e9union des parents : pr\u00e9sentation tr\u00e8s r\u00e9ussie !\"}]},{\"@type\":\"WebSite\",\"@id\":\"https:\/\/covincennes.com\/#website\",\"url\":\"https:\/\/covincennes.com\/\",\"name\":\"CO Vincennes\",\"description\":\"Un site utilisant WordPress\",\"publisher\":{\"@id\":\"https:\/\/covincennes.com\/#organization\"},\"potentialAction\":[{\"@type\":\"SearchAction\",\"target\":{\"@type\":\"EntryPoint\",\"urlTemplate\":\"https:\/\/covincennes.com\/?s={search_term_string}\"},\"query-input\":\"required name=search_term_string\"}],\"inLanguage\":\"fr-FR\"},{\"@type\":\"Organization\",\"@id\":\"https:\/\/covincennes.com\/#organization\",\"name\":\"CO Vincennes\",\"url\":\"https:\/\/covincennes.com\/\",\"sameAs\":[\"https:\/\/www.facebook.com\/CO-VINCENNES-la-page-officielle-136021893155921\/\",\"https:\/\/twitter.com\/covincennes\"],\"logo\":{\"@type\":\"ImageObject\",\"inLanguage\":\"fr-FR\",\"@id\":\"https:\/\/covincennes.com\/#\/schema\/logo\/image\/\",\"url\":\"https:\/\/covincennes.com\/wp-content\/uploads\/2019\/11\/logo-cov-png.png\",\"contentUrl\":\"https:\/\/covincennes.com\/wp-content\/uploads\/2019\/11\/logo-cov-png.png\",\"width\":495,\"height\":497,\"caption\":\"CO Vincennes\"},\"image\":{\"@id\":\"https:\/\/covincennes.com\/#\/schema\/logo\/image\/\"}},{\"@type\":\"Person\",\"@id\":\"https:\/\/covincennes.com\/#\/schema\/person\/eb881824360af01aa016999e439303fe\",\"name\":\"Cole Hibry\",\"image\":{\"@type\":\"ImageObject\",\"inLanguage\":\"fr-FR\",\"@id\":\"https:\/\/covincennes.com\/#\/schema\/person\/image\/\",\"url\":\"https:\/\/secure.gravatar.com\/avatar\/fdd68f914853e79675161dab52794fbe213aaa71837a3f83ab5d0669e81bb866?s=96&d=mm&r=g\",\"contentUrl\":\"https:\/\/secure.gravatar.com\/avatar\/fdd68f914853e79675161dab52794fbe213aaa71837a3f83ab5d0669e81bb866?s=96&d=mm&r=g\",\"caption\":\"Cole Hibry\"},\"url\":\"https:\/\/covincennes.com\/index.php\/author\/chevit-frederic\/\"}]}<\/script>\n<!-- \/ Yoast SEO plugin. -->","yoast_head_json":{"title":"\"Quatre F\u00e9vrier\" \u00e0 la r\u00e9union des parents : pr\u00e9sentation tr\u00e8s r\u00e9ussie ! - CO Vincennes","robots":{"index":"index","follow":"follow","max-snippet":"max-snippet:-1","max-image-preview":"max-image-preview:large","max-video-preview":"max-video-preview:-1"},"canonical":"https:\/\/covincennes.com\/index.php\/2025\/09\/23\/quatre-fevrier-a-la-reunion-des-parents-presentation-tres-reussie\/","og_locale":"fr_FR","og_type":"article","og_title":"\"Quatre F\u00e9vrier\" \u00e0 la r\u00e9union des parents : pr\u00e9sentation tr\u00e8s r\u00e9ussie ! - CO Vincennes","og_description":"La traditionnelle r\u00e9union de rentr\u00e9e de l&rsquo;\u00c9cole de Foot a permis aux parents et aux dirigeants du COV de faire connaissance, ou de se retrouver, selon que les premiers \u00e9taient ou pas nouveaux au club. Comme chaque ann\u00e9e, de pr\u00e9cieuses informations ont \u00e9t\u00e9 donn\u00e9es \u00e0 cette occasion mais c&rsquo;est la pr\u00e9sentation du nouveau maillot qui [&hellip;]","og_url":"https:\/\/covincennes.com\/index.php\/2025\/09\/23\/quatre-fevrier-a-la-reunion-des-parents-presentation-tres-reussie\/","og_site_name":"CO Vincennes","article_publisher":"https:\/\/www.facebook.com\/CO-VINCENNES-la-page-officielle-136021893155921\/","article_published_time":"2025-09-23T21:14:02+00:00","article_modified_time":"2026-01-21T16:09:45+00:00","og_image":[{"width":643,"height":480,"url":"https:\/\/covincennes.com\/wp-content\/uploads\/2025\/09\/Lea-2-redimensionnee.jpg","type":"image\/jpeg"}],"author":"Cole Hibry","twitter_card":"summary_large_image","twitter_creator":"@covincennes","twitter_site":"@covincennes","twitter_misc":{"\u00c9crit par":"Cole Hibry","Dur\u00e9e de lecture estim\u00e9e":"2 minutes"},"schema":{"@context":"https:\/\/schema.org","@graph":[{"@type":"Article","@id":"https:\/\/covincennes.com\/index.php\/2025\/09\/23\/quatre-fevrier-a-la-reunion-des-parents-presentation-tres-reussie\/#article","isPartOf":{"@id":"https:\/\/covincennes.com\/index.php\/2025\/09\/23\/quatre-fevrier-a-la-reunion-des-parents-presentation-tres-reussie\/"},"author":{"name":"Cole Hibry","@id":"https:\/\/covincennes.com\/#\/schema\/person\/eb881824360af01aa016999e439303fe"},"headline":"\u00ab\u00a0Quatre F\u00e9vrier\u00a0\u00bb \u00e0 la r\u00e9union des parents : pr\u00e9sentation tr\u00e8s r\u00e9ussie !","datePublished":"2025-09-23T21:14:02+00:00","dateModified":"2026-01-21T16:09:45+00:00","mainEntityOfPage":{"@id":"https:\/\/covincennes.com\/index.php\/2025\/09\/23\/quatre-fevrier-a-la-reunion-des-parents-presentation-tres-reussie\/"},"wordCount":202,"commentCount":0,"publisher":{"@id":"https:\/\/covincennes.com\/#organization"},"articleSection":["\u00e0 la une"],"inLanguage":"fr-FR","potentialAction":[{"@type":"CommentAction","name":"Comment","target":["https:\/\/covincennes.com\/index.php\/2025\/09\/23\/quatre-fevrier-a-la-reunion-des-parents-presentation-tres-reussie\/#respond"]}]},{"@type":"WebPage","@id":"https:\/\/covincennes.com\/index.php\/2025\/09\/23\/quatre-fevrier-a-la-reunion-des-parents-presentation-tres-reussie\/","url":"https:\/\/covincennes.com\/index.php\/2025\/09\/23\/quatre-fevrier-a-la-reunion-des-parents-presentation-tres-reussie\/","name":"\"Quatre F\u00e9vrier\" \u00e0 la r\u00e9union des parents : pr\u00e9sentation tr\u00e8s r\u00e9ussie ! - CO Vincennes","isPartOf":{"@id":"https:\/\/covincennes.com\/#website"},"datePublished":"2025-09-23T21:14:02+00:00","dateModified":"2026-01-21T16:09:45+00:00","breadcrumb":{"@id":"https:\/\/covincennes.com\/index.php\/2025\/09\/23\/quatre-fevrier-a-la-reunion-des-parents-presentation-tres-reussie\/#breadcrumb"},"inLanguage":"fr-FR","potentialAction":[{"@type":"ReadAction","target":["https:\/\/covincennes.com\/index.php\/2025\/09\/23\/quatre-fevrier-a-la-reunion-des-parents-presentation-tres-reussie\/"]}]},{"@type":"BreadcrumbList","@id":"https:\/\/covincennes.com\/index.php\/2025\/09\/23\/quatre-fevrier-a-la-reunion-des-parents-presentation-tres-reussie\/#breadcrumb","itemListElement":[{"@type":"ListItem","position":1,"name":"Accueil","item":"https:\/\/covincennes.com\/"},{"@type":"ListItem","position":2,"name":"\u00ab\u00a0Quatre F\u00e9vrier\u00a0\u00bb \u00e0 la r\u00e9union des parents : pr\u00e9sentation tr\u00e8s r\u00e9ussie !"}]},{"@type":"WebSite","@id":"https:\/\/covincennes.com\/#website","url":"https:\/\/covincennes.com\/","name":"CO Vincennes","description":"Un site utilisant WordPress","publisher":{"@id":"https:\/\/covincennes.com\/#organization"},"potentialAction":[{"@type":"SearchAction","target":{"@type":"EntryPoint","urlTemplate":"https:\/\/covincennes.com\/?s={search_term_string}"},"query-input":"required name=search_term_string"}],"inLanguage":"fr-FR"},{"@type":"Organization","@id":"https:\/\/covincennes.com\/#organization","name":"CO Vincennes","url":"https:\/\/covincennes.com\/","sameAs":["https:\/\/www.facebook.com\/CO-VINCENNES-la-page-officielle-136021893155921\/","https:\/\/twitter.com\/covincennes"],"logo":{"@type":"ImageObject","inLanguage":"fr-FR","@id":"https:\/\/covincennes.com\/#\/schema\/logo\/image\/","url":"https:\/\/covincennes.com\/wp-content\/uploads\/2019\/11\/logo-cov-png.png","contentUrl":"https:\/\/covincennes.com\/wp-content\/uploads\/2019\/11\/logo-cov-png.png","width":495,"height":497,"caption":"CO Vincennes"},"image":{"@id":"https:\/\/covincennes.com\/#\/schema\/logo\/image\/"}},{"@type":"Person","@id":"https:\/\/covincennes.com\/#\/schema\/person\/eb881824360af01aa016999e439303fe","name":"Cole Hibry","image":{"@type":"ImageObject","inLanguage":"fr-FR","@id":"https:\/\/covincennes.com\/#\/schema\/person\/image\/","url":"https:\/\/secure.gravatar.com\/avatar\/fdd68f914853e79675161dab52794fbe213aaa71837a3f83ab5d0669e81bb866?s=96&d=mm&r=g","contentUrl":"https:\/\/secure.gravatar.com\/avatar\/fdd68f914853e79675161dab52794fbe213aaa71837a3f83ab5d0669e81bb866?s=96&d=mm&r=g","caption":"Cole Hibry"},"url":"https:\/\/covincennes.com\/index.php\/author\/chevit-frederic\/"}]}},"_links":{"self":[{"href":"https:\/\/covincennes.com\/index.php\/wp-json\/wp\/v2\/posts\/9292","targetHints":{"allow":["GET"]}}],"collection":[{"href":"https:\/\/covincennes.com\/index.php\/wp-json\/wp\/v2\/posts"}],"about":[{"href":"https:\/\/covincennes.com\/index.php\/wp-json\/wp\/v2\/types\/post"}],"author":[{"embeddable":true,"href":"https:\/\/covincennes.com\/index.php\/wp-json\/wp\/v2\/users\/2"}],"replies":[{"embeddable":true,"href":"https:\/\/covincennes.com\/index.php\/wp-json\/wp\/v2\/comments?post=9292"}],"version-history":[{"count":3,"href":"https:\/\/covincennes.com\/index.php\/wp-json\/wp\/v2\/posts\/9292\/revisions"}],"predecessor-version":[{"id":9297,"href":"https:\/\/covincennes.com\/index.php\/wp-json\/wp\/v2\/posts\/9292\/revisions\/9297"}],"wp:featuredmedia":[{"embeddable":true,"href":"https:\/\/covincennes.com\/index.php\/wp-json\/wp\/v2\/media\/9295"}],"wp:attachment":[{"href":"https:\/\/covincennes.com\/index.php\/wp-json\/wp\/v2\/media?parent=9292"}],"wp:term":[{"taxonomy":"category","embeddable":true,"href":"https:\/\/covincennes.com\/index.php\/wp-json\/wp\/v2\/categories?post=9292"},{"taxonomy":"post_tag","embeddable":true,"href":"https:\/\/covincennes.com\/index.php\/wp-json\/wp\/v2\/tags?post=9292"}],"curies":[{"name":"wp","href":"https:\/\/api.w.org\/{rel}","templated":true}]}}