{"id":9410,"date":"2025-11-13T22:19:05","date_gmt":"2025-11-13T21:19:05","guid":{"rendered":"https:\/\/covincennes.com\/?p=9410"},"modified":"2025-12-22T22:49:00","modified_gmt":"2025-12-22T21:49:00","slug":"pensons-aux-enfants-malheureux","status":"publish","type":"post","link":"https:\/\/covincennes.com\/index.php\/2025\/11\/13\/pensons-aux-enfants-malheureux\/","title":{"rendered":"Derni\u00e8re ligne droite pour les chocolats du c\u0153ur"},"content":{"rendered":"<p>Plus que quelques jours pour participer \u00e0 notre op\u00e9ration de solidarit\u00e9 des chocolats du c\u0153ur.<\/p>\n<p>Nous porterons en d\u00e9but de semaine prochaine les produits de notre collecte \u00e0 l&rsquo;antenne de Fontenay des Restaurants du C\u0153ur. Gr\u00e2ce \u00e0 votre g\u00e9n\u00e9rosit\u00e9, les enfants d\u00e9munis du secteur auront un peu le sourire.<\/p>\n<p>Il est donc encore temps, si vous ne l&rsquo;avez pas d\u00e9j\u00e0 fait, d&rsquo;apporter vos dons en chocolat, sous quelque forme que ce soit, au secr\u00e9tariat ou au club-house, en les confiant \u00e0 Kevin. Dimanche soir, ce sera trop tard&#8230;<\/p>\n<p>En pensant \u00e0 ces enfants, qui seront un peu moins malheureux gr\u00e2ce \u00e0 vous, un grand merci.<\/p>\n","protected":false},"excerpt":{"rendered":"<p>Plus que quelques jours pour participer \u00e0 notre op\u00e9ration de solidarit\u00e9 des chocolats du c\u0153ur. Nous porterons en d\u00e9but de semaine prochaine les produits de notre collecte \u00e0 l&rsquo;antenne de Fontenay des Restaurants du C\u0153ur. Gr\u00e2ce \u00e0 votre g\u00e9n\u00e9rosit\u00e9, les enfants d\u00e9munis du secteur auront un peu le sourire. Il est donc encore temps, si [&hellip;]<\/p>\n","protected":false},"author":2,"featured_media":9411,"comment_status":"open","ping_status":"open","sticky":false,"template":"","format":"standard","meta":{"_monsterinsights_skip_tracking":false,"_monsterinsights_sitenote_active":false,"_monsterinsights_sitenote_note":"","_monsterinsights_sitenote_category":0,"footnotes":""},"categories":[48],"tags":[],"class_list":["post-9410","post","type-post","status-publish","format-standard","has-post-thumbnail","hentry","category-a-la-une","entry","has-media"],"yoast_head":"<!-- This site is optimized with the Yoast SEO plugin v19.6.1 - https:\/\/yoast.com\/wordpress\/plugins\/seo\/ -->\n<title>Derni\u00e8re ligne droite pour les chocolats du c\u0153ur - CO Vincennes<\/title>\n<meta name=\"robots\" content=\"index, follow, max-snippet:-1, max-image-preview:large, max-video-preview:-1\" \/>\n<link rel=\"canonical\" href=\"https:\/\/covincennes.com\/index.php\/2025\/11\/13\/pensons-aux-enfants-malheureux\/\" \/>\n<meta property=\"og:locale\" content=\"fr_FR\" \/>\n<meta property=\"og:type\" content=\"article\" \/>\n<meta property=\"og:title\" content=\"Derni\u00e8re ligne droite pour les chocolats du c\u0153ur - CO Vincennes\" \/>\n<meta property=\"og:description\" content=\"Plus que quelques jours pour participer \u00e0 notre op\u00e9ration de solidarit\u00e9 des chocolats du c\u0153ur. Nous porterons en d\u00e9but de semaine prochaine les produits de notre collecte \u00e0 l&rsquo;antenne de Fontenay des Restaurants du C\u0153ur. Gr\u00e2ce \u00e0 votre g\u00e9n\u00e9rosit\u00e9, les enfants d\u00e9munis du secteur auront un peu le sourire. Il est donc encore temps, si [&hellip;]\" \/>\n<meta property=\"og:url\" content=\"https:\/\/covincennes.com\/index.php\/2025\/11\/13\/pensons-aux-enfants-malheureux\/\" \/>\n<meta property=\"og:site_name\" content=\"CO Vincennes\" \/>\n<meta property=\"article:publisher\" content=\"https:\/\/www.facebook.com\/CO-VINCENNES-la-page-officielle-136021893155921\/\" \/>\n<meta property=\"article:published_time\" content=\"2025-11-13T21:19:05+00:00\" \/>\n<meta property=\"article:modified_time\" content=\"2025-12-22T21:49:00+00:00\" \/>\n<meta property=\"og:image\" content=\"https:\/\/covincennes.com\/wp-content\/uploads\/2025\/11\/Affichette-chocolats-redimensionnee.jpg\" \/>\n\t<meta property=\"og:image:width\" content=\"643\" \/>\n\t<meta property=\"og:image:height\" content=\"480\" \/>\n\t<meta property=\"og:image:type\" content=\"image\/jpeg\" \/>\n<meta name=\"author\" content=\"Cole Hibry\" \/>\n<meta name=\"twitter:card\" content=\"summary_large_image\" \/>\n<meta name=\"twitter:creator\" content=\"@covincennes\" \/>\n<meta name=\"twitter:site\" content=\"@covincennes\" \/>\n<meta name=\"twitter:label1\" content=\"\u00c9crit par\" \/>\n\t<meta name=\"twitter:data1\" content=\"Cole Hibry\" \/>\n\t<meta name=\"twitter:label2\" content=\"Dur\u00e9e de lecture estim\u00e9e\" \/>\n\t<meta name=\"twitter:data2\" content=\"1 minute\" \/>\n<script type=\"application\/ld+json\" class=\"yoast-schema-graph\">{\"@context\":\"https:\/\/schema.org\",\"@graph\":[{\"@type\":\"Article\",\"@id\":\"https:\/\/covincennes.com\/index.php\/2025\/11\/13\/pensons-aux-enfants-malheureux\/#article\",\"isPartOf\":{\"@id\":\"https:\/\/covincennes.com\/index.php\/2025\/11\/13\/pensons-aux-enfants-malheureux\/\"},\"author\":{\"name\":\"Cole Hibry\",\"@id\":\"https:\/\/covincennes.com\/#\/schema\/person\/eb881824360af01aa016999e439303fe\"},\"headline\":\"Derni\u00e8re ligne droite pour les chocolats du c\u0153ur\",\"datePublished\":\"2025-11-13T21:19:05+00:00\",\"dateModified\":\"2025-12-22T21:49:00+00:00\",\"mainEntityOfPage\":{\"@id\":\"https:\/\/covincennes.com\/index.php\/2025\/11\/13\/pensons-aux-enfants-malheureux\/\"},\"wordCount\":120,\"commentCount\":0,\"publisher\":{\"@id\":\"https:\/\/covincennes.com\/#organization\"},\"articleSection\":[\"\u00e0 la une\"],\"inLanguage\":\"fr-FR\",\"potentialAction\":[{\"@type\":\"CommentAction\",\"name\":\"Comment\",\"target\":[\"https:\/\/covincennes.com\/index.php\/2025\/11\/13\/pensons-aux-enfants-malheureux\/#respond\"]}]},{\"@type\":\"WebPage\",\"@id\":\"https:\/\/covincennes.com\/index.php\/2025\/11\/13\/pensons-aux-enfants-malheureux\/\",\"url\":\"https:\/\/covincennes.com\/index.php\/2025\/11\/13\/pensons-aux-enfants-malheureux\/\",\"name\":\"Derni\u00e8re ligne droite pour les chocolats du c\u0153ur - CO Vincennes\",\"isPartOf\":{\"@id\":\"https:\/\/covincennes.com\/#website\"},\"datePublished\":\"2025-11-13T21:19:05+00:00\",\"dateModified\":\"2025-12-22T21:49:00+00:00\",\"breadcrumb\":{\"@id\":\"https:\/\/covincennes.com\/index.php\/2025\/11\/13\/pensons-aux-enfants-malheureux\/#breadcrumb\"},\"inLanguage\":\"fr-FR\",\"potentialAction\":[{\"@type\":\"ReadAction\",\"target\":[\"https:\/\/covincennes.com\/index.php\/2025\/11\/13\/pensons-aux-enfants-malheureux\/\"]}]},{\"@type\":\"BreadcrumbList\",\"@id\":\"https:\/\/covincennes.com\/index.php\/2025\/11\/13\/pensons-aux-enfants-malheureux\/#breadcrumb\",\"itemListElement\":[{\"@type\":\"ListItem\",\"position\":1,\"name\":\"Accueil\",\"item\":\"https:\/\/covincennes.com\/\"},{\"@type\":\"ListItem\",\"position\":2,\"name\":\"Derni\u00e8re ligne droite pour les chocolats du c\u0153ur\"}]},{\"@type\":\"WebSite\",\"@id\":\"https:\/\/covincennes.com\/#website\",\"url\":\"https:\/\/covincennes.com\/\",\"name\":\"CO Vincennes\",\"description\":\"Un site utilisant WordPress\",\"publisher\":{\"@id\":\"https:\/\/covincennes.com\/#organization\"},\"potentialAction\":[{\"@type\":\"SearchAction\",\"target\":{\"@type\":\"EntryPoint\",\"urlTemplate\":\"https:\/\/covincennes.com\/?s={search_term_string}\"},\"query-input\":\"required name=search_term_string\"}],\"inLanguage\":\"fr-FR\"},{\"@type\":\"Organization\",\"@id\":\"https:\/\/covincennes.com\/#organization\",\"name\":\"CO Vincennes\",\"url\":\"https:\/\/covincennes.com\/\",\"sameAs\":[\"https:\/\/www.facebook.com\/CO-VINCENNES-la-page-officielle-136021893155921\/\",\"https:\/\/twitter.com\/covincennes\"],\"logo\":{\"@type\":\"ImageObject\",\"inLanguage\":\"fr-FR\",\"@id\":\"https:\/\/covincennes.com\/#\/schema\/logo\/image\/\",\"url\":\"https:\/\/covincennes.com\/wp-content\/uploads\/2019\/11\/logo-cov-png.png\",\"contentUrl\":\"https:\/\/covincennes.com\/wp-content\/uploads\/2019\/11\/logo-cov-png.png\",\"width\":495,\"height\":497,\"caption\":\"CO Vincennes\"},\"image\":{\"@id\":\"https:\/\/covincennes.com\/#\/schema\/logo\/image\/\"}},{\"@type\":\"Person\",\"@id\":\"https:\/\/covincennes.com\/#\/schema\/person\/eb881824360af01aa016999e439303fe\",\"name\":\"Cole Hibry\",\"image\":{\"@type\":\"ImageObject\",\"inLanguage\":\"fr-FR\",\"@id\":\"https:\/\/covincennes.com\/#\/schema\/person\/image\/\",\"url\":\"https:\/\/secure.gravatar.com\/avatar\/fdd68f914853e79675161dab52794fbe213aaa71837a3f83ab5d0669e81bb866?s=96&d=mm&r=g\",\"contentUrl\":\"https:\/\/secure.gravatar.com\/avatar\/fdd68f914853e79675161dab52794fbe213aaa71837a3f83ab5d0669e81bb866?s=96&d=mm&r=g\",\"caption\":\"Cole Hibry\"},\"url\":\"https:\/\/covincennes.com\/index.php\/author\/chevit-frederic\/\"}]}<\/script>\n<!-- \/ Yoast SEO plugin. -->","yoast_head_json":{"title":"Derni\u00e8re ligne droite pour les chocolats du c\u0153ur - CO Vincennes","robots":{"index":"index","follow":"follow","max-snippet":"max-snippet:-1","max-image-preview":"max-image-preview:large","max-video-preview":"max-video-preview:-1"},"canonical":"https:\/\/covincennes.com\/index.php\/2025\/11\/13\/pensons-aux-enfants-malheureux\/","og_locale":"fr_FR","og_type":"article","og_title":"Derni\u00e8re ligne droite pour les chocolats du c\u0153ur - CO Vincennes","og_description":"Plus que quelques jours pour participer \u00e0 notre op\u00e9ration de solidarit\u00e9 des chocolats du c\u0153ur. Nous porterons en d\u00e9but de semaine prochaine les produits de notre collecte \u00e0 l&rsquo;antenne de Fontenay des Restaurants du C\u0153ur. Gr\u00e2ce \u00e0 votre g\u00e9n\u00e9rosit\u00e9, les enfants d\u00e9munis du secteur auront un peu le sourire. Il est donc encore temps, si [&hellip;]","og_url":"https:\/\/covincennes.com\/index.php\/2025\/11\/13\/pensons-aux-enfants-malheureux\/","og_site_name":"CO Vincennes","article_publisher":"https:\/\/www.facebook.com\/CO-VINCENNES-la-page-officielle-136021893155921\/","article_published_time":"2025-11-13T21:19:05+00:00","article_modified_time":"2025-12-22T21:49:00+00:00","og_image":[{"width":643,"height":480,"url":"https:\/\/covincennes.com\/wp-content\/uploads\/2025\/11\/Affichette-chocolats-redimensionnee.jpg","type":"image\/jpeg"}],"author":"Cole Hibry","twitter_card":"summary_large_image","twitter_creator":"@covincennes","twitter_site":"@covincennes","twitter_misc":{"\u00c9crit par":"Cole Hibry","Dur\u00e9e de lecture estim\u00e9e":"1 minute"},"schema":{"@context":"https:\/\/schema.org","@graph":[{"@type":"Article","@id":"https:\/\/covincennes.com\/index.php\/2025\/11\/13\/pensons-aux-enfants-malheureux\/#article","isPartOf":{"@id":"https:\/\/covincennes.com\/index.php\/2025\/11\/13\/pensons-aux-enfants-malheureux\/"},"author":{"name":"Cole Hibry","@id":"https:\/\/covincennes.com\/#\/schema\/person\/eb881824360af01aa016999e439303fe"},"headline":"Derni\u00e8re ligne droite pour les chocolats du c\u0153ur","datePublished":"2025-11-13T21:19:05+00:00","dateModified":"2025-12-22T21:49:00+00:00","mainEntityOfPage":{"@id":"https:\/\/covincennes.com\/index.php\/2025\/11\/13\/pensons-aux-enfants-malheureux\/"},"wordCount":120,"commentCount":0,"publisher":{"@id":"https:\/\/covincennes.com\/#organization"},"articleSection":["\u00e0 la une"],"inLanguage":"fr-FR","potentialAction":[{"@type":"CommentAction","name":"Comment","target":["https:\/\/covincennes.com\/index.php\/2025\/11\/13\/pensons-aux-enfants-malheureux\/#respond"]}]},{"@type":"WebPage","@id":"https:\/\/covincennes.com\/index.php\/2025\/11\/13\/pensons-aux-enfants-malheureux\/","url":"https:\/\/covincennes.com\/index.php\/2025\/11\/13\/pensons-aux-enfants-malheureux\/","name":"Derni\u00e8re ligne droite pour les chocolats du c\u0153ur - CO Vincennes","isPartOf":{"@id":"https:\/\/covincennes.com\/#website"},"datePublished":"2025-11-13T21:19:05+00:00","dateModified":"2025-12-22T21:49:00+00:00","breadcrumb":{"@id":"https:\/\/covincennes.com\/index.php\/2025\/11\/13\/pensons-aux-enfants-malheureux\/#breadcrumb"},"inLanguage":"fr-FR","potentialAction":[{"@type":"ReadAction","target":["https:\/\/covincennes.com\/index.php\/2025\/11\/13\/pensons-aux-enfants-malheureux\/"]}]},{"@type":"BreadcrumbList","@id":"https:\/\/covincennes.com\/index.php\/2025\/11\/13\/pensons-aux-enfants-malheureux\/#breadcrumb","itemListElement":[{"@type":"ListItem","position":1,"name":"Accueil","item":"https:\/\/covincennes.com\/"},{"@type":"ListItem","position":2,"name":"Derni\u00e8re ligne droite pour les chocolats du c\u0153ur"}]},{"@type":"WebSite","@id":"https:\/\/covincennes.com\/#website","url":"https:\/\/covincennes.com\/","name":"CO Vincennes","description":"Un site utilisant WordPress","publisher":{"@id":"https:\/\/covincennes.com\/#organization"},"potentialAction":[{"@type":"SearchAction","target":{"@type":"EntryPoint","urlTemplate":"https:\/\/covincennes.com\/?s={search_term_string}"},"query-input":"required name=search_term_string"}],"inLanguage":"fr-FR"},{"@type":"Organization","@id":"https:\/\/covincennes.com\/#organization","name":"CO Vincennes","url":"https:\/\/covincennes.com\/","sameAs":["https:\/\/www.facebook.com\/CO-VINCENNES-la-page-officielle-136021893155921\/","https:\/\/twitter.com\/covincennes"],"logo":{"@type":"ImageObject","inLanguage":"fr-FR","@id":"https:\/\/covincennes.com\/#\/schema\/logo\/image\/","url":"https:\/\/covincennes.com\/wp-content\/uploads\/2019\/11\/logo-cov-png.png","contentUrl":"https:\/\/covincennes.com\/wp-content\/uploads\/2019\/11\/logo-cov-png.png","width":495,"height":497,"caption":"CO Vincennes"},"image":{"@id":"https:\/\/covincennes.com\/#\/schema\/logo\/image\/"}},{"@type":"Person","@id":"https:\/\/covincennes.com\/#\/schema\/person\/eb881824360af01aa016999e439303fe","name":"Cole Hibry","image":{"@type":"ImageObject","inLanguage":"fr-FR","@id":"https:\/\/covincennes.com\/#\/schema\/person\/image\/","url":"https:\/\/secure.gravatar.com\/avatar\/fdd68f914853e79675161dab52794fbe213aaa71837a3f83ab5d0669e81bb866?s=96&d=mm&r=g","contentUrl":"https:\/\/secure.gravatar.com\/avatar\/fdd68f914853e79675161dab52794fbe213aaa71837a3f83ab5d0669e81bb866?s=96&d=mm&r=g","caption":"Cole Hibry"},"url":"https:\/\/covincennes.com\/index.php\/author\/chevit-frederic\/"}]}},"_links":{"self":[{"href":"https:\/\/covincennes.com\/index.php\/wp-json\/wp\/v2\/posts\/9410","targetHints":{"allow":["GET"]}}],"collection":[{"href":"https:\/\/covincennes.com\/index.php\/wp-json\/wp\/v2\/posts"}],"about":[{"href":"https:\/\/covincennes.com\/index.php\/wp-json\/wp\/v2\/types\/post"}],"author":[{"embeddable":true,"href":"https:\/\/covincennes.com\/index.php\/wp-json\/wp\/v2\/users\/2"}],"replies":[{"embeddable":true,"href":"https:\/\/covincennes.com\/index.php\/wp-json\/wp\/v2\/comments?post=9410"}],"version-history":[{"count":3,"href":"https:\/\/covincennes.com\/index.php\/wp-json\/wp\/v2\/posts\/9410\/revisions"}],"predecessor-version":[{"id":9502,"href":"https:\/\/covincennes.com\/index.php\/wp-json\/wp\/v2\/posts\/9410\/revisions\/9502"}],"wp:featuredmedia":[{"embeddable":true,"href":"https:\/\/covincennes.com\/index.php\/wp-json\/wp\/v2\/media\/9411"}],"wp:attachment":[{"href":"https:\/\/covincennes.com\/index.php\/wp-json\/wp\/v2\/media?parent=9410"}],"wp:term":[{"taxonomy":"category","embeddable":true,"href":"https:\/\/covincennes.com\/index.php\/wp-json\/wp\/v2\/categories?post=9410"},{"taxonomy":"post_tag","embeddable":true,"href":"https:\/\/covincennes.com\/index.php\/wp-json\/wp\/v2\/tags?post=9410"}],"curies":[{"name":"wp","href":"https:\/\/api.w.org\/{rel}","templated":true}]}}