{"id":9474,"date":"2025-12-04T00:05:34","date_gmt":"2025-12-03T23:05:34","guid":{"rendered":"https:\/\/covincennes.com\/?p=9474"},"modified":"2026-02-04T23:38:11","modified_gmt":"2026-02-04T22:38:11","slug":"adil-une-fierte-pour-le-cov","status":"publish","type":"post","link":"https:\/\/covincennes.com\/index.php\/2025\/12\/04\/adil-une-fierte-pour-le-cov\/","title":{"rendered":"Adil en Ligue Europa avec l&rsquo;OL : une fiert\u00e9 pour le COV"},"content":{"rendered":"<p>C&rsquo;est une belle histoire !<\/p>\n<p>Adil Hamdani est arriv\u00e9 au CO Vincennes \u00e0 l&rsquo;\u00e2ge de 5 ans et y est rest\u00e9 jusqu&rsquo;\u00e0 11 ans.<\/p>\n<p>C&rsquo;est \u00e0 13 ans qu&rsquo;il a rejoint l&rsquo;Olympique Lyonnais, notre partenaire, dont les responsables \u00e9taient venus \u00e0 L\u00e9o-Lagrange le voir jouer. Ils avaient \u00e9t\u00e9 rapidement convaincus de son potentiel. D\u00e8s 2024, alors qu&rsquo;il avait \u00e0 peine 15 ans, il signait un contrat d&rsquo;aspirant.<\/p>\n<p>Et c&rsquo;est \u00e0 l&rsquo;occasion du d\u00e9placement \u00e0 Auxerre, \u00e0 16 ans, 10 mois et 2 jours, que notre petit Adil a effectu\u00e9 ses d\u00e9buts en \u00e9quipe professionnelle. Suivis par des d\u00e9buts en Ligue Europa, marqu\u00e9e par une sublime passe d\u00e9cisive, d&rsquo;un ext\u00e9rieur magnifiquement dos\u00e9. Est-il besoin de pr\u00e9ciser que nous sommes fiers de cette r\u00e9ussite ? De sa s\u00e9lection en \u00e9quipe de France U17, apr\u00e8s avoir \u00e9t\u00e9 international U16 ?<\/p>\n<p>Nous lui souhaitons beaucoup de bonheur et une belle carri\u00e8re au plus haut niveau !<\/p>\n","protected":false},"excerpt":{"rendered":"<p>C&rsquo;est une belle histoire ! Adil Hamdani est arriv\u00e9 au CO Vincennes \u00e0 l&rsquo;\u00e2ge de 5 ans et y est rest\u00e9 jusqu&rsquo;\u00e0 11 ans. C&rsquo;est \u00e0 13 ans qu&rsquo;il a rejoint l&rsquo;Olympique Lyonnais, notre partenaire, dont les responsables \u00e9taient venus \u00e0 L\u00e9o-Lagrange le voir jouer. Ils avaient \u00e9t\u00e9 rapidement convaincus de son potentiel. D\u00e8s 2024, [&hellip;]<\/p>\n","protected":false},"author":2,"featured_media":9475,"comment_status":"open","ping_status":"open","sticky":false,"template":"","format":"standard","meta":{"_monsterinsights_skip_tracking":false,"_monsterinsights_sitenote_active":false,"_monsterinsights_sitenote_note":"","_monsterinsights_sitenote_category":0,"footnotes":""},"categories":[44],"tags":[],"class_list":["post-9474","post","type-post","status-publish","format-standard","has-post-thumbnail","hentry","category-slide","entry","has-media"],"yoast_head":"<!-- This site is optimized with the Yoast SEO plugin v19.6.1 - https:\/\/yoast.com\/wordpress\/plugins\/seo\/ -->\n<title>Adil en Ligue Europa avec l&#039;OL : une fiert\u00e9 pour le COV - CO Vincennes<\/title>\n<meta name=\"robots\" content=\"index, follow, max-snippet:-1, max-image-preview:large, max-video-preview:-1\" \/>\n<link rel=\"canonical\" href=\"https:\/\/covincennes.com\/index.php\/2025\/12\/04\/adil-une-fierte-pour-le-cov\/\" \/>\n<meta property=\"og:locale\" content=\"fr_FR\" \/>\n<meta property=\"og:type\" content=\"article\" \/>\n<meta property=\"og:title\" content=\"Adil en Ligue Europa avec l&#039;OL : une fiert\u00e9 pour le COV - CO Vincennes\" \/>\n<meta property=\"og:description\" content=\"C&rsquo;est une belle histoire ! Adil Hamdani est arriv\u00e9 au CO Vincennes \u00e0 l&rsquo;\u00e2ge de 5 ans et y est rest\u00e9 jusqu&rsquo;\u00e0 11 ans. C&rsquo;est \u00e0 13 ans qu&rsquo;il a rejoint l&rsquo;Olympique Lyonnais, notre partenaire, dont les responsables \u00e9taient venus \u00e0 L\u00e9o-Lagrange le voir jouer. Ils avaient \u00e9t\u00e9 rapidement convaincus de son potentiel. D\u00e8s 2024, [&hellip;]\" \/>\n<meta property=\"og:url\" content=\"https:\/\/covincennes.com\/index.php\/2025\/12\/04\/adil-une-fierte-pour-le-cov\/\" \/>\n<meta property=\"og:site_name\" content=\"CO Vincennes\" \/>\n<meta property=\"article:publisher\" content=\"https:\/\/www.facebook.com\/CO-VINCENNES-la-page-officielle-136021893155921\/\" \/>\n<meta property=\"article:published_time\" content=\"2025-12-03T23:05:34+00:00\" \/>\n<meta property=\"article:modified_time\" content=\"2026-02-04T22:38:11+00:00\" \/>\n<meta property=\"og:image\" content=\"https:\/\/covincennes.com\/wp-content\/uploads\/2025\/12\/Adil-redimensionnee.jpg\" \/>\n\t<meta property=\"og:image:width\" content=\"643\" \/>\n\t<meta property=\"og:image:height\" content=\"480\" \/>\n\t<meta property=\"og:image:type\" content=\"image\/jpeg\" \/>\n<meta name=\"author\" content=\"Cole Hibry\" \/>\n<meta name=\"twitter:card\" content=\"summary_large_image\" \/>\n<meta name=\"twitter:creator\" content=\"@covincennes\" \/>\n<meta name=\"twitter:site\" content=\"@covincennes\" \/>\n<meta name=\"twitter:label1\" content=\"\u00c9crit par\" \/>\n\t<meta name=\"twitter:data1\" content=\"Cole Hibry\" \/>\n\t<meta name=\"twitter:label2\" content=\"Dur\u00e9e de lecture estim\u00e9e\" \/>\n\t<meta name=\"twitter:data2\" content=\"1 minute\" \/>\n<script type=\"application\/ld+json\" class=\"yoast-schema-graph\">{\"@context\":\"https:\/\/schema.org\",\"@graph\":[{\"@type\":\"Article\",\"@id\":\"https:\/\/covincennes.com\/index.php\/2025\/12\/04\/adil-une-fierte-pour-le-cov\/#article\",\"isPartOf\":{\"@id\":\"https:\/\/covincennes.com\/index.php\/2025\/12\/04\/adil-une-fierte-pour-le-cov\/\"},\"author\":{\"name\":\"Cole Hibry\",\"@id\":\"https:\/\/covincennes.com\/#\/schema\/person\/eb881824360af01aa016999e439303fe\"},\"headline\":\"Adil en Ligue Europa avec l&rsquo;OL : une fiert\u00e9 pour le COV\",\"datePublished\":\"2025-12-03T23:05:34+00:00\",\"dateModified\":\"2026-02-04T22:38:11+00:00\",\"mainEntityOfPage\":{\"@id\":\"https:\/\/covincennes.com\/index.php\/2025\/12\/04\/adil-une-fierte-pour-le-cov\/\"},\"wordCount\":158,\"commentCount\":0,\"publisher\":{\"@id\":\"https:\/\/covincennes.com\/#organization\"},\"articleSection\":[\"Slide\"],\"inLanguage\":\"fr-FR\",\"potentialAction\":[{\"@type\":\"CommentAction\",\"name\":\"Comment\",\"target\":[\"https:\/\/covincennes.com\/index.php\/2025\/12\/04\/adil-une-fierte-pour-le-cov\/#respond\"]}]},{\"@type\":\"WebPage\",\"@id\":\"https:\/\/covincennes.com\/index.php\/2025\/12\/04\/adil-une-fierte-pour-le-cov\/\",\"url\":\"https:\/\/covincennes.com\/index.php\/2025\/12\/04\/adil-une-fierte-pour-le-cov\/\",\"name\":\"Adil en Ligue Europa avec l'OL : une fiert\u00e9 pour le COV - CO Vincennes\",\"isPartOf\":{\"@id\":\"https:\/\/covincennes.com\/#website\"},\"datePublished\":\"2025-12-03T23:05:34+00:00\",\"dateModified\":\"2026-02-04T22:38:11+00:00\",\"breadcrumb\":{\"@id\":\"https:\/\/covincennes.com\/index.php\/2025\/12\/04\/adil-une-fierte-pour-le-cov\/#breadcrumb\"},\"inLanguage\":\"fr-FR\",\"potentialAction\":[{\"@type\":\"ReadAction\",\"target\":[\"https:\/\/covincennes.com\/index.php\/2025\/12\/04\/adil-une-fierte-pour-le-cov\/\"]}]},{\"@type\":\"BreadcrumbList\",\"@id\":\"https:\/\/covincennes.com\/index.php\/2025\/12\/04\/adil-une-fierte-pour-le-cov\/#breadcrumb\",\"itemListElement\":[{\"@type\":\"ListItem\",\"position\":1,\"name\":\"Accueil\",\"item\":\"https:\/\/covincennes.com\/\"},{\"@type\":\"ListItem\",\"position\":2,\"name\":\"Adil en Ligue Europa avec l&rsquo;OL : une fiert\u00e9 pour le COV\"}]},{\"@type\":\"WebSite\",\"@id\":\"https:\/\/covincennes.com\/#website\",\"url\":\"https:\/\/covincennes.com\/\",\"name\":\"CO Vincennes\",\"description\":\"Un site utilisant WordPress\",\"publisher\":{\"@id\":\"https:\/\/covincennes.com\/#organization\"},\"potentialAction\":[{\"@type\":\"SearchAction\",\"target\":{\"@type\":\"EntryPoint\",\"urlTemplate\":\"https:\/\/covincennes.com\/?s={search_term_string}\"},\"query-input\":\"required name=search_term_string\"}],\"inLanguage\":\"fr-FR\"},{\"@type\":\"Organization\",\"@id\":\"https:\/\/covincennes.com\/#organization\",\"name\":\"CO Vincennes\",\"url\":\"https:\/\/covincennes.com\/\",\"sameAs\":[\"https:\/\/www.facebook.com\/CO-VINCENNES-la-page-officielle-136021893155921\/\",\"https:\/\/twitter.com\/covincennes\"],\"logo\":{\"@type\":\"ImageObject\",\"inLanguage\":\"fr-FR\",\"@id\":\"https:\/\/covincennes.com\/#\/schema\/logo\/image\/\",\"url\":\"https:\/\/covincennes.com\/wp-content\/uploads\/2019\/11\/logo-cov-png.png\",\"contentUrl\":\"https:\/\/covincennes.com\/wp-content\/uploads\/2019\/11\/logo-cov-png.png\",\"width\":495,\"height\":497,\"caption\":\"CO Vincennes\"},\"image\":{\"@id\":\"https:\/\/covincennes.com\/#\/schema\/logo\/image\/\"}},{\"@type\":\"Person\",\"@id\":\"https:\/\/covincennes.com\/#\/schema\/person\/eb881824360af01aa016999e439303fe\",\"name\":\"Cole Hibry\",\"image\":{\"@type\":\"ImageObject\",\"inLanguage\":\"fr-FR\",\"@id\":\"https:\/\/covincennes.com\/#\/schema\/person\/image\/\",\"url\":\"https:\/\/secure.gravatar.com\/avatar\/fdd68f914853e79675161dab52794fbe213aaa71837a3f83ab5d0669e81bb866?s=96&d=mm&r=g\",\"contentUrl\":\"https:\/\/secure.gravatar.com\/avatar\/fdd68f914853e79675161dab52794fbe213aaa71837a3f83ab5d0669e81bb866?s=96&d=mm&r=g\",\"caption\":\"Cole Hibry\"},\"url\":\"https:\/\/covincennes.com\/index.php\/author\/chevit-frederic\/\"}]}<\/script>\n<!-- \/ Yoast SEO plugin. -->","yoast_head_json":{"title":"Adil en Ligue Europa avec l'OL : une fiert\u00e9 pour le COV - CO Vincennes","robots":{"index":"index","follow":"follow","max-snippet":"max-snippet:-1","max-image-preview":"max-image-preview:large","max-video-preview":"max-video-preview:-1"},"canonical":"https:\/\/covincennes.com\/index.php\/2025\/12\/04\/adil-une-fierte-pour-le-cov\/","og_locale":"fr_FR","og_type":"article","og_title":"Adil en Ligue Europa avec l'OL : une fiert\u00e9 pour le COV - CO Vincennes","og_description":"C&rsquo;est une belle histoire ! Adil Hamdani est arriv\u00e9 au CO Vincennes \u00e0 l&rsquo;\u00e2ge de 5 ans et y est rest\u00e9 jusqu&rsquo;\u00e0 11 ans. C&rsquo;est \u00e0 13 ans qu&rsquo;il a rejoint l&rsquo;Olympique Lyonnais, notre partenaire, dont les responsables \u00e9taient venus \u00e0 L\u00e9o-Lagrange le voir jouer. Ils avaient \u00e9t\u00e9 rapidement convaincus de son potentiel. D\u00e8s 2024, [&hellip;]","og_url":"https:\/\/covincennes.com\/index.php\/2025\/12\/04\/adil-une-fierte-pour-le-cov\/","og_site_name":"CO Vincennes","article_publisher":"https:\/\/www.facebook.com\/CO-VINCENNES-la-page-officielle-136021893155921\/","article_published_time":"2025-12-03T23:05:34+00:00","article_modified_time":"2026-02-04T22:38:11+00:00","og_image":[{"width":643,"height":480,"url":"https:\/\/covincennes.com\/wp-content\/uploads\/2025\/12\/Adil-redimensionnee.jpg","type":"image\/jpeg"}],"author":"Cole Hibry","twitter_card":"summary_large_image","twitter_creator":"@covincennes","twitter_site":"@covincennes","twitter_misc":{"\u00c9crit par":"Cole Hibry","Dur\u00e9e de lecture estim\u00e9e":"1 minute"},"schema":{"@context":"https:\/\/schema.org","@graph":[{"@type":"Article","@id":"https:\/\/covincennes.com\/index.php\/2025\/12\/04\/adil-une-fierte-pour-le-cov\/#article","isPartOf":{"@id":"https:\/\/covincennes.com\/index.php\/2025\/12\/04\/adil-une-fierte-pour-le-cov\/"},"author":{"name":"Cole Hibry","@id":"https:\/\/covincennes.com\/#\/schema\/person\/eb881824360af01aa016999e439303fe"},"headline":"Adil en Ligue Europa avec l&rsquo;OL : une fiert\u00e9 pour le COV","datePublished":"2025-12-03T23:05:34+00:00","dateModified":"2026-02-04T22:38:11+00:00","mainEntityOfPage":{"@id":"https:\/\/covincennes.com\/index.php\/2025\/12\/04\/adil-une-fierte-pour-le-cov\/"},"wordCount":158,"commentCount":0,"publisher":{"@id":"https:\/\/covincennes.com\/#organization"},"articleSection":["Slide"],"inLanguage":"fr-FR","potentialAction":[{"@type":"CommentAction","name":"Comment","target":["https:\/\/covincennes.com\/index.php\/2025\/12\/04\/adil-une-fierte-pour-le-cov\/#respond"]}]},{"@type":"WebPage","@id":"https:\/\/covincennes.com\/index.php\/2025\/12\/04\/adil-une-fierte-pour-le-cov\/","url":"https:\/\/covincennes.com\/index.php\/2025\/12\/04\/adil-une-fierte-pour-le-cov\/","name":"Adil en Ligue Europa avec l'OL : une fiert\u00e9 pour le COV - CO Vincennes","isPartOf":{"@id":"https:\/\/covincennes.com\/#website"},"datePublished":"2025-12-03T23:05:34+00:00","dateModified":"2026-02-04T22:38:11+00:00","breadcrumb":{"@id":"https:\/\/covincennes.com\/index.php\/2025\/12\/04\/adil-une-fierte-pour-le-cov\/#breadcrumb"},"inLanguage":"fr-FR","potentialAction":[{"@type":"ReadAction","target":["https:\/\/covincennes.com\/index.php\/2025\/12\/04\/adil-une-fierte-pour-le-cov\/"]}]},{"@type":"BreadcrumbList","@id":"https:\/\/covincennes.com\/index.php\/2025\/12\/04\/adil-une-fierte-pour-le-cov\/#breadcrumb","itemListElement":[{"@type":"ListItem","position":1,"name":"Accueil","item":"https:\/\/covincennes.com\/"},{"@type":"ListItem","position":2,"name":"Adil en Ligue Europa avec l&rsquo;OL : une fiert\u00e9 pour le COV"}]},{"@type":"WebSite","@id":"https:\/\/covincennes.com\/#website","url":"https:\/\/covincennes.com\/","name":"CO Vincennes","description":"Un site utilisant WordPress","publisher":{"@id":"https:\/\/covincennes.com\/#organization"},"potentialAction":[{"@type":"SearchAction","target":{"@type":"EntryPoint","urlTemplate":"https:\/\/covincennes.com\/?s={search_term_string}"},"query-input":"required name=search_term_string"}],"inLanguage":"fr-FR"},{"@type":"Organization","@id":"https:\/\/covincennes.com\/#organization","name":"CO Vincennes","url":"https:\/\/covincennes.com\/","sameAs":["https:\/\/www.facebook.com\/CO-VINCENNES-la-page-officielle-136021893155921\/","https:\/\/twitter.com\/covincennes"],"logo":{"@type":"ImageObject","inLanguage":"fr-FR","@id":"https:\/\/covincennes.com\/#\/schema\/logo\/image\/","url":"https:\/\/covincennes.com\/wp-content\/uploads\/2019\/11\/logo-cov-png.png","contentUrl":"https:\/\/covincennes.com\/wp-content\/uploads\/2019\/11\/logo-cov-png.png","width":495,"height":497,"caption":"CO Vincennes"},"image":{"@id":"https:\/\/covincennes.com\/#\/schema\/logo\/image\/"}},{"@type":"Person","@id":"https:\/\/covincennes.com\/#\/schema\/person\/eb881824360af01aa016999e439303fe","name":"Cole Hibry","image":{"@type":"ImageObject","inLanguage":"fr-FR","@id":"https:\/\/covincennes.com\/#\/schema\/person\/image\/","url":"https:\/\/secure.gravatar.com\/avatar\/fdd68f914853e79675161dab52794fbe213aaa71837a3f83ab5d0669e81bb866?s=96&d=mm&r=g","contentUrl":"https:\/\/secure.gravatar.com\/avatar\/fdd68f914853e79675161dab52794fbe213aaa71837a3f83ab5d0669e81bb866?s=96&d=mm&r=g","caption":"Cole Hibry"},"url":"https:\/\/covincennes.com\/index.php\/author\/chevit-frederic\/"}]}},"_links":{"self":[{"href":"https:\/\/covincennes.com\/index.php\/wp-json\/wp\/v2\/posts\/9474","targetHints":{"allow":["GET"]}}],"collection":[{"href":"https:\/\/covincennes.com\/index.php\/wp-json\/wp\/v2\/posts"}],"about":[{"href":"https:\/\/covincennes.com\/index.php\/wp-json\/wp\/v2\/types\/post"}],"author":[{"embeddable":true,"href":"https:\/\/covincennes.com\/index.php\/wp-json\/wp\/v2\/users\/2"}],"replies":[{"embeddable":true,"href":"https:\/\/covincennes.com\/index.php\/wp-json\/wp\/v2\/comments?post=9474"}],"version-history":[{"count":4,"href":"https:\/\/covincennes.com\/index.php\/wp-json\/wp\/v2\/posts\/9474\/revisions"}],"predecessor-version":[{"id":9638,"href":"https:\/\/covincennes.com\/index.php\/wp-json\/wp\/v2\/posts\/9474\/revisions\/9638"}],"wp:featuredmedia":[{"embeddable":true,"href":"https:\/\/covincennes.com\/index.php\/wp-json\/wp\/v2\/media\/9475"}],"wp:attachment":[{"href":"https:\/\/covincennes.com\/index.php\/wp-json\/wp\/v2\/media?parent=9474"}],"wp:term":[{"taxonomy":"category","embeddable":true,"href":"https:\/\/covincennes.com\/index.php\/wp-json\/wp\/v2\/categories?post=9474"},{"taxonomy":"post_tag","embeddable":true,"href":"https:\/\/covincennes.com\/index.php\/wp-json\/wp\/v2\/tags?post=9474"}],"curies":[{"name":"wp","href":"https:\/\/api.w.org\/{rel}","templated":true}]}}