{"id":9554,"date":"2026-01-12T00:08:07","date_gmt":"2026-01-11T23:08:07","guid":{"rendered":"https:\/\/covincennes.com\/?p=9554"},"modified":"2026-02-04T23:34:45","modified_gmt":"2026-02-04T22:34:45","slug":"coupe-du-val-de-marne-victoire-et-surtout-solidarite-avec-lukraine","status":"publish","type":"post","link":"https:\/\/covincennes.com\/index.php\/2026\/01\/12\/coupe-du-val-de-marne-victoire-et-surtout-solidarite-avec-lukraine\/","title":{"rendered":"Coupe du Val de Marne : victoire et surtout solidarit\u00e9 avec l&rsquo;Ukraine"},"content":{"rendered":"<p>Le match de 3\u00e8me tour de la Coupe du Val de Marne s\u00e9niors nous offrait l&rsquo;opportunit\u00e9 de manifester notre solidarit\u00e9 avec le peuple ukrainien.<\/p>\n<p>Le sort nous avait en effet d\u00e9sign\u00e9 comme adversaire l&rsquo;\u00e9quipe du FC Hoverla, un club cr\u00e9\u00e9 en 2016 par des travailleurs ukrainiens expatri\u00e9s, rejoints \u00e0 partir de 2012 par des mineurs r\u00e9fugi\u00e9s apr\u00e8s le d\u00e9clenchement de la guerre.<\/p>\n<p>Nos Vincennois sont entr\u00e9s sur le terrain en portant un drapeau ukrainien avant de poser m\u00eal\u00e9s aux joueurs d&rsquo;Hoverla. Un geste qui a touch\u00e9 nos adversaires, tous Ukrainiens ou d&rsquo;origine ukrainienne.<\/p>\n<p>Compar\u00e9 \u00e0 la souffrance d&rsquo;un peuple, \u00e0 laquelle on ne pouvait que penser pendant ce match si particulier, le r\u00e9sultat est anecdotique. Les hommes de Carl se sont logiquement impos\u00e9s 3-0 (buts de Maxence, Obrad et William) mais Hoverla, dont c&rsquo;est la premi\u00e8re saison en FFF, a prouv\u00e9 qu&rsquo;elle valait bien mieux que la D4 du Val de Marne, dont elle \u00e9crase une des poules. Nul doute qu&rsquo;elle acc\u00e9dera \u00e0 la D3 \u00e0 l&rsquo;issue de la saison avant d&rsquo;ambitionner de monter encore plus haut tr\u00e8s rapidement.<\/p>\n<p><img loading=\"lazy\" decoding=\"async\" class=\"alignnone wp-image-9556\" src=\"https:\/\/covincennes.com\/wp-content\/uploads\/2026\/01\/Fumigenes-ukrainiens-300x225.jpg\" alt=\"\" width=\"558\" height=\"418\" srcset=\"https:\/\/covincennes.com\/wp-content\/uploads\/2026\/01\/Fumigenes-ukrainiens-300x225.jpg 300w, https:\/\/covincennes.com\/wp-content\/uploads\/2026\/01\/Fumigenes-ukrainiens.jpg 640w\" sizes=\"auto, (max-width: 558px) 100vw, 558px\" \/><\/p>\n","protected":false},"excerpt":{"rendered":"<p>Le match de 3\u00e8me tour de la Coupe du Val de Marne s\u00e9niors nous offrait l&rsquo;opportunit\u00e9 de manifester notre solidarit\u00e9 avec le peuple ukrainien. Le sort nous avait en effet d\u00e9sign\u00e9 comme adversaire l&rsquo;\u00e9quipe du FC Hoverla, un club cr\u00e9\u00e9 en 2016 par des travailleurs ukrainiens expatri\u00e9s, rejoints \u00e0 partir de 2012 par des mineurs [&hellip;]<\/p>\n","protected":false},"author":2,"featured_media":9555,"comment_status":"open","ping_status":"open","sticky":false,"template":"","format":"standard","meta":{"_monsterinsights_skip_tracking":false,"_monsterinsights_sitenote_active":false,"_monsterinsights_sitenote_note":"","_monsterinsights_sitenote_category":0,"footnotes":""},"categories":[48],"tags":[],"class_list":["post-9554","post","type-post","status-publish","format-standard","has-post-thumbnail","hentry","category-a-la-une","entry","has-media"],"yoast_head":"<!-- This site is optimized with the Yoast SEO plugin v19.6.1 - https:\/\/yoast.com\/wordpress\/plugins\/seo\/ -->\n<title>Coupe du Val de Marne : victoire et surtout solidarit\u00e9 avec l&#039;Ukraine - CO Vincennes<\/title>\n<meta name=\"robots\" content=\"index, follow, max-snippet:-1, max-image-preview:large, max-video-preview:-1\" \/>\n<link rel=\"canonical\" href=\"https:\/\/covincennes.com\/index.php\/2026\/01\/12\/coupe-du-val-de-marne-victoire-et-surtout-solidarite-avec-lukraine\/\" \/>\n<meta property=\"og:locale\" content=\"fr_FR\" \/>\n<meta property=\"og:type\" content=\"article\" \/>\n<meta property=\"og:title\" content=\"Coupe du Val de Marne : victoire et surtout solidarit\u00e9 avec l&#039;Ukraine - CO Vincennes\" \/>\n<meta property=\"og:description\" content=\"Le match de 3\u00e8me tour de la Coupe du Val de Marne s\u00e9niors nous offrait l&rsquo;opportunit\u00e9 de manifester notre solidarit\u00e9 avec le peuple ukrainien. Le sort nous avait en effet d\u00e9sign\u00e9 comme adversaire l&rsquo;\u00e9quipe du FC Hoverla, un club cr\u00e9\u00e9 en 2016 par des travailleurs ukrainiens expatri\u00e9s, rejoints \u00e0 partir de 2012 par des mineurs [&hellip;]\" \/>\n<meta property=\"og:url\" content=\"https:\/\/covincennes.com\/index.php\/2026\/01\/12\/coupe-du-val-de-marne-victoire-et-surtout-solidarite-avec-lukraine\/\" \/>\n<meta property=\"og:site_name\" content=\"CO Vincennes\" \/>\n<meta property=\"article:publisher\" content=\"https:\/\/www.facebook.com\/CO-VINCENNES-la-page-officielle-136021893155921\/\" \/>\n<meta property=\"article:published_time\" content=\"2026-01-11T23:08:07+00:00\" \/>\n<meta property=\"article:modified_time\" content=\"2026-02-04T22:34:45+00:00\" \/>\n<meta property=\"og:image\" content=\"https:\/\/covincennes.com\/wp-content\/uploads\/2026\/01\/FC-Horvala-CO-Vincennes-redimensionnee.jpg\" \/>\n\t<meta property=\"og:image:width\" content=\"643\" \/>\n\t<meta property=\"og:image:height\" content=\"480\" \/>\n\t<meta property=\"og:image:type\" content=\"image\/jpeg\" \/>\n<meta name=\"author\" content=\"Cole Hibry\" \/>\n<meta name=\"twitter:card\" content=\"summary_large_image\" \/>\n<meta name=\"twitter:creator\" content=\"@covincennes\" \/>\n<meta name=\"twitter:site\" content=\"@covincennes\" \/>\n<meta name=\"twitter:label1\" content=\"\u00c9crit par\" \/>\n\t<meta name=\"twitter:data1\" content=\"Cole Hibry\" \/>\n\t<meta name=\"twitter:label2\" content=\"Dur\u00e9e de lecture estim\u00e9e\" \/>\n\t<meta name=\"twitter:data2\" content=\"2 minutes\" \/>\n<script type=\"application\/ld+json\" class=\"yoast-schema-graph\">{\"@context\":\"https:\/\/schema.org\",\"@graph\":[{\"@type\":\"Article\",\"@id\":\"https:\/\/covincennes.com\/index.php\/2026\/01\/12\/coupe-du-val-de-marne-victoire-et-surtout-solidarite-avec-lukraine\/#article\",\"isPartOf\":{\"@id\":\"https:\/\/covincennes.com\/index.php\/2026\/01\/12\/coupe-du-val-de-marne-victoire-et-surtout-solidarite-avec-lukraine\/\"},\"author\":{\"name\":\"Cole Hibry\",\"@id\":\"https:\/\/covincennes.com\/#\/schema\/person\/eb881824360af01aa016999e439303fe\"},\"headline\":\"Coupe du Val de Marne : victoire et surtout solidarit\u00e9 avec l&rsquo;Ukraine\",\"datePublished\":\"2026-01-11T23:08:07+00:00\",\"dateModified\":\"2026-02-04T22:34:45+00:00\",\"mainEntityOfPage\":{\"@id\":\"https:\/\/covincennes.com\/index.php\/2026\/01\/12\/coupe-du-val-de-marne-victoire-et-surtout-solidarite-avec-lukraine\/\"},\"wordCount\":199,\"commentCount\":0,\"publisher\":{\"@id\":\"https:\/\/covincennes.com\/#organization\"},\"articleSection\":[\"\u00e0 la une\"],\"inLanguage\":\"fr-FR\",\"potentialAction\":[{\"@type\":\"CommentAction\",\"name\":\"Comment\",\"target\":[\"https:\/\/covincennes.com\/index.php\/2026\/01\/12\/coupe-du-val-de-marne-victoire-et-surtout-solidarite-avec-lukraine\/#respond\"]}]},{\"@type\":\"WebPage\",\"@id\":\"https:\/\/covincennes.com\/index.php\/2026\/01\/12\/coupe-du-val-de-marne-victoire-et-surtout-solidarite-avec-lukraine\/\",\"url\":\"https:\/\/covincennes.com\/index.php\/2026\/01\/12\/coupe-du-val-de-marne-victoire-et-surtout-solidarite-avec-lukraine\/\",\"name\":\"Coupe du Val de Marne : victoire et surtout solidarit\u00e9 avec l'Ukraine - CO Vincennes\",\"isPartOf\":{\"@id\":\"https:\/\/covincennes.com\/#website\"},\"datePublished\":\"2026-01-11T23:08:07+00:00\",\"dateModified\":\"2026-02-04T22:34:45+00:00\",\"breadcrumb\":{\"@id\":\"https:\/\/covincennes.com\/index.php\/2026\/01\/12\/coupe-du-val-de-marne-victoire-et-surtout-solidarite-avec-lukraine\/#breadcrumb\"},\"inLanguage\":\"fr-FR\",\"potentialAction\":[{\"@type\":\"ReadAction\",\"target\":[\"https:\/\/covincennes.com\/index.php\/2026\/01\/12\/coupe-du-val-de-marne-victoire-et-surtout-solidarite-avec-lukraine\/\"]}]},{\"@type\":\"BreadcrumbList\",\"@id\":\"https:\/\/covincennes.com\/index.php\/2026\/01\/12\/coupe-du-val-de-marne-victoire-et-surtout-solidarite-avec-lukraine\/#breadcrumb\",\"itemListElement\":[{\"@type\":\"ListItem\",\"position\":1,\"name\":\"Accueil\",\"item\":\"https:\/\/covincennes.com\/\"},{\"@type\":\"ListItem\",\"position\":2,\"name\":\"Coupe du Val de Marne : victoire et surtout solidarit\u00e9 avec l&rsquo;Ukraine\"}]},{\"@type\":\"WebSite\",\"@id\":\"https:\/\/covincennes.com\/#website\",\"url\":\"https:\/\/covincennes.com\/\",\"name\":\"CO Vincennes\",\"description\":\"Un site utilisant WordPress\",\"publisher\":{\"@id\":\"https:\/\/covincennes.com\/#organization\"},\"potentialAction\":[{\"@type\":\"SearchAction\",\"target\":{\"@type\":\"EntryPoint\",\"urlTemplate\":\"https:\/\/covincennes.com\/?s={search_term_string}\"},\"query-input\":\"required name=search_term_string\"}],\"inLanguage\":\"fr-FR\"},{\"@type\":\"Organization\",\"@id\":\"https:\/\/covincennes.com\/#organization\",\"name\":\"CO Vincennes\",\"url\":\"https:\/\/covincennes.com\/\",\"sameAs\":[\"https:\/\/www.facebook.com\/CO-VINCENNES-la-page-officielle-136021893155921\/\",\"https:\/\/twitter.com\/covincennes\"],\"logo\":{\"@type\":\"ImageObject\",\"inLanguage\":\"fr-FR\",\"@id\":\"https:\/\/covincennes.com\/#\/schema\/logo\/image\/\",\"url\":\"https:\/\/covincennes.com\/wp-content\/uploads\/2019\/11\/logo-cov-png.png\",\"contentUrl\":\"https:\/\/covincennes.com\/wp-content\/uploads\/2019\/11\/logo-cov-png.png\",\"width\":495,\"height\":497,\"caption\":\"CO Vincennes\"},\"image\":{\"@id\":\"https:\/\/covincennes.com\/#\/schema\/logo\/image\/\"}},{\"@type\":\"Person\",\"@id\":\"https:\/\/covincennes.com\/#\/schema\/person\/eb881824360af01aa016999e439303fe\",\"name\":\"Cole Hibry\",\"image\":{\"@type\":\"ImageObject\",\"inLanguage\":\"fr-FR\",\"@id\":\"https:\/\/covincennes.com\/#\/schema\/person\/image\/\",\"url\":\"https:\/\/secure.gravatar.com\/avatar\/fdd68f914853e79675161dab52794fbe213aaa71837a3f83ab5d0669e81bb866?s=96&d=mm&r=g\",\"contentUrl\":\"https:\/\/secure.gravatar.com\/avatar\/fdd68f914853e79675161dab52794fbe213aaa71837a3f83ab5d0669e81bb866?s=96&d=mm&r=g\",\"caption\":\"Cole Hibry\"},\"url\":\"https:\/\/covincennes.com\/index.php\/author\/chevit-frederic\/\"}]}<\/script>\n<!-- \/ Yoast SEO plugin. -->","yoast_head_json":{"title":"Coupe du Val de Marne : victoire et surtout solidarit\u00e9 avec l'Ukraine - CO Vincennes","robots":{"index":"index","follow":"follow","max-snippet":"max-snippet:-1","max-image-preview":"max-image-preview:large","max-video-preview":"max-video-preview:-1"},"canonical":"https:\/\/covincennes.com\/index.php\/2026\/01\/12\/coupe-du-val-de-marne-victoire-et-surtout-solidarite-avec-lukraine\/","og_locale":"fr_FR","og_type":"article","og_title":"Coupe du Val de Marne : victoire et surtout solidarit\u00e9 avec l'Ukraine - CO Vincennes","og_description":"Le match de 3\u00e8me tour de la Coupe du Val de Marne s\u00e9niors nous offrait l&rsquo;opportunit\u00e9 de manifester notre solidarit\u00e9 avec le peuple ukrainien. Le sort nous avait en effet d\u00e9sign\u00e9 comme adversaire l&rsquo;\u00e9quipe du FC Hoverla, un club cr\u00e9\u00e9 en 2016 par des travailleurs ukrainiens expatri\u00e9s, rejoints \u00e0 partir de 2012 par des mineurs [&hellip;]","og_url":"https:\/\/covincennes.com\/index.php\/2026\/01\/12\/coupe-du-val-de-marne-victoire-et-surtout-solidarite-avec-lukraine\/","og_site_name":"CO Vincennes","article_publisher":"https:\/\/www.facebook.com\/CO-VINCENNES-la-page-officielle-136021893155921\/","article_published_time":"2026-01-11T23:08:07+00:00","article_modified_time":"2026-02-04T22:34:45+00:00","og_image":[{"width":643,"height":480,"url":"https:\/\/covincennes.com\/wp-content\/uploads\/2026\/01\/FC-Horvala-CO-Vincennes-redimensionnee.jpg","type":"image\/jpeg"}],"author":"Cole Hibry","twitter_card":"summary_large_image","twitter_creator":"@covincennes","twitter_site":"@covincennes","twitter_misc":{"\u00c9crit par":"Cole Hibry","Dur\u00e9e de lecture estim\u00e9e":"2 minutes"},"schema":{"@context":"https:\/\/schema.org","@graph":[{"@type":"Article","@id":"https:\/\/covincennes.com\/index.php\/2026\/01\/12\/coupe-du-val-de-marne-victoire-et-surtout-solidarite-avec-lukraine\/#article","isPartOf":{"@id":"https:\/\/covincennes.com\/index.php\/2026\/01\/12\/coupe-du-val-de-marne-victoire-et-surtout-solidarite-avec-lukraine\/"},"author":{"name":"Cole Hibry","@id":"https:\/\/covincennes.com\/#\/schema\/person\/eb881824360af01aa016999e439303fe"},"headline":"Coupe du Val de Marne : victoire et surtout solidarit\u00e9 avec l&rsquo;Ukraine","datePublished":"2026-01-11T23:08:07+00:00","dateModified":"2026-02-04T22:34:45+00:00","mainEntityOfPage":{"@id":"https:\/\/covincennes.com\/index.php\/2026\/01\/12\/coupe-du-val-de-marne-victoire-et-surtout-solidarite-avec-lukraine\/"},"wordCount":199,"commentCount":0,"publisher":{"@id":"https:\/\/covincennes.com\/#organization"},"articleSection":["\u00e0 la une"],"inLanguage":"fr-FR","potentialAction":[{"@type":"CommentAction","name":"Comment","target":["https:\/\/covincennes.com\/index.php\/2026\/01\/12\/coupe-du-val-de-marne-victoire-et-surtout-solidarite-avec-lukraine\/#respond"]}]},{"@type":"WebPage","@id":"https:\/\/covincennes.com\/index.php\/2026\/01\/12\/coupe-du-val-de-marne-victoire-et-surtout-solidarite-avec-lukraine\/","url":"https:\/\/covincennes.com\/index.php\/2026\/01\/12\/coupe-du-val-de-marne-victoire-et-surtout-solidarite-avec-lukraine\/","name":"Coupe du Val de Marne : victoire et surtout solidarit\u00e9 avec l'Ukraine - CO Vincennes","isPartOf":{"@id":"https:\/\/covincennes.com\/#website"},"datePublished":"2026-01-11T23:08:07+00:00","dateModified":"2026-02-04T22:34:45+00:00","breadcrumb":{"@id":"https:\/\/covincennes.com\/index.php\/2026\/01\/12\/coupe-du-val-de-marne-victoire-et-surtout-solidarite-avec-lukraine\/#breadcrumb"},"inLanguage":"fr-FR","potentialAction":[{"@type":"ReadAction","target":["https:\/\/covincennes.com\/index.php\/2026\/01\/12\/coupe-du-val-de-marne-victoire-et-surtout-solidarite-avec-lukraine\/"]}]},{"@type":"BreadcrumbList","@id":"https:\/\/covincennes.com\/index.php\/2026\/01\/12\/coupe-du-val-de-marne-victoire-et-surtout-solidarite-avec-lukraine\/#breadcrumb","itemListElement":[{"@type":"ListItem","position":1,"name":"Accueil","item":"https:\/\/covincennes.com\/"},{"@type":"ListItem","position":2,"name":"Coupe du Val de Marne : victoire et surtout solidarit\u00e9 avec l&rsquo;Ukraine"}]},{"@type":"WebSite","@id":"https:\/\/covincennes.com\/#website","url":"https:\/\/covincennes.com\/","name":"CO Vincennes","description":"Un site utilisant WordPress","publisher":{"@id":"https:\/\/covincennes.com\/#organization"},"potentialAction":[{"@type":"SearchAction","target":{"@type":"EntryPoint","urlTemplate":"https:\/\/covincennes.com\/?s={search_term_string}"},"query-input":"required name=search_term_string"}],"inLanguage":"fr-FR"},{"@type":"Organization","@id":"https:\/\/covincennes.com\/#organization","name":"CO Vincennes","url":"https:\/\/covincennes.com\/","sameAs":["https:\/\/www.facebook.com\/CO-VINCENNES-la-page-officielle-136021893155921\/","https:\/\/twitter.com\/covincennes"],"logo":{"@type":"ImageObject","inLanguage":"fr-FR","@id":"https:\/\/covincennes.com\/#\/schema\/logo\/image\/","url":"https:\/\/covincennes.com\/wp-content\/uploads\/2019\/11\/logo-cov-png.png","contentUrl":"https:\/\/covincennes.com\/wp-content\/uploads\/2019\/11\/logo-cov-png.png","width":495,"height":497,"caption":"CO Vincennes"},"image":{"@id":"https:\/\/covincennes.com\/#\/schema\/logo\/image\/"}},{"@type":"Person","@id":"https:\/\/covincennes.com\/#\/schema\/person\/eb881824360af01aa016999e439303fe","name":"Cole Hibry","image":{"@type":"ImageObject","inLanguage":"fr-FR","@id":"https:\/\/covincennes.com\/#\/schema\/person\/image\/","url":"https:\/\/secure.gravatar.com\/avatar\/fdd68f914853e79675161dab52794fbe213aaa71837a3f83ab5d0669e81bb866?s=96&d=mm&r=g","contentUrl":"https:\/\/secure.gravatar.com\/avatar\/fdd68f914853e79675161dab52794fbe213aaa71837a3f83ab5d0669e81bb866?s=96&d=mm&r=g","caption":"Cole Hibry"},"url":"https:\/\/covincennes.com\/index.php\/author\/chevit-frederic\/"}]}},"_links":{"self":[{"href":"https:\/\/covincennes.com\/index.php\/wp-json\/wp\/v2\/posts\/9554","targetHints":{"allow":["GET"]}}],"collection":[{"href":"https:\/\/covincennes.com\/index.php\/wp-json\/wp\/v2\/posts"}],"about":[{"href":"https:\/\/covincennes.com\/index.php\/wp-json\/wp\/v2\/types\/post"}],"author":[{"embeddable":true,"href":"https:\/\/covincennes.com\/index.php\/wp-json\/wp\/v2\/users\/2"}],"replies":[{"embeddable":true,"href":"https:\/\/covincennes.com\/index.php\/wp-json\/wp\/v2\/comments?post=9554"}],"version-history":[{"count":1,"href":"https:\/\/covincennes.com\/index.php\/wp-json\/wp\/v2\/posts\/9554\/revisions"}],"predecessor-version":[{"id":9557,"href":"https:\/\/covincennes.com\/index.php\/wp-json\/wp\/v2\/posts\/9554\/revisions\/9557"}],"wp:featuredmedia":[{"embeddable":true,"href":"https:\/\/covincennes.com\/index.php\/wp-json\/wp\/v2\/media\/9555"}],"wp:attachment":[{"href":"https:\/\/covincennes.com\/index.php\/wp-json\/wp\/v2\/media?parent=9554"}],"wp:term":[{"taxonomy":"category","embeddable":true,"href":"https:\/\/covincennes.com\/index.php\/wp-json\/wp\/v2\/categories?post=9554"},{"taxonomy":"post_tag","embeddable":true,"href":"https:\/\/covincennes.com\/index.php\/wp-json\/wp\/v2\/tags?post=9554"}],"curies":[{"name":"wp","href":"https:\/\/api.w.org\/{rel}","templated":true}]}}