{"id":9623,"date":"2026-01-21T17:27:46","date_gmt":"2026-01-21T16:27:46","guid":{"rendered":"https:\/\/covincennes.com\/?p=9623"},"modified":"2026-03-12T16:20:07","modified_gmt":"2026-03-12T15:20:07","slug":"stages-deprintemps-2026-les-inscriptions-sont-ouvertes","status":"publish","type":"post","link":"https:\/\/covincennes.com\/index.php\/2026\/01\/21\/stages-deprintemps-2026-les-inscriptions-sont-ouvertes\/","title":{"rendered":"Stages de Printemps 2026, les inscriptions c&rsquo;est par ici !"},"content":{"rendered":"<p>Voici le formulaire des stages pour ce Printemps. Pour rappel, nos stages sont ouverts aux cat\u00e9gories U6 \u00e0 U14 gar\u00e7ons et filles. Voici les dates :<\/p>\n<p>&#8211; Du lundi 20 avril au vendredi 24 avril 2026<\/p>\n<p>&#8211; Du lundi 27 avril au jeudi 30 avril 2026<\/p>\n<p>Vous pourrez nous rapporter le formulaire d\u00fbment compl\u00e9t\u00e9 accompagn\u00e9 du r\u00e8glement directement au secr\u00e9tariat ou bien nous le transmettre par mail (secretariat.covincennes@gmail.com) et r\u00e9gler en carte bleu via le lien en bas de page.<\/p>\n<p><a href=\"https:\/\/covincennes.com\/wp-content\/uploads\/2026\/03\/Formulaire-des-stages-de-Printemps.pdf\">&gt;&gt;&gt;&gt;&gt;&gt;&gt;&gt;&gt;&gt;&gt;&gt;&gt;&gt;&gt;&gt;&gt;&gt;&gt;&gt;&gt;&gt;&gt;&gt;&gt;&gt;&gt;&gt;&gt;&gt;&gt;&gt; ICI LE FORMULAIRE &lt;&lt;&lt;&lt;&lt;&lt;&lt;&lt;&lt;&lt;&lt;&lt;&lt;&lt;&lt;&lt;&lt;&lt;&lt;&lt;&lt;&lt;&lt;&lt;&lt;&lt;&lt;&lt;&lt;<\/a><\/p>\n<p><a style=\"color: #3366ff;\" href=\"https:\/\/www.helloasso.com\/associations\/club-olympique-de-vincennes\/adhesions\/stage-d-automne-2025-cov\">&gt;&gt;&gt;&gt;&gt;&gt;&gt;&gt;&gt;&gt;&gt;&gt;&gt;&gt;&gt;&gt;&gt;&gt;&gt;&gt;&gt;&gt;&gt;&gt;PAIEMENT DES STAGES PAR CARTE BLEU&lt;&lt;&lt;&lt;&lt;&lt;&lt;&lt;&lt;&lt;&lt;&lt;&lt;&lt;&lt;&lt;&lt;&lt;&lt;&lt;&lt;&lt;<\/a><\/p>\n","protected":false},"excerpt":{"rendered":"<p>Voici le formulaire des stages pour ce Printemps. Pour rappel, nos stages sont ouverts aux cat\u00e9gories U6 \u00e0 U14 gar\u00e7ons et filles. Voici les dates : &#8211; Du lundi 20 avril au vendredi 24 avril 2026 &#8211; Du lundi 27 avril au jeudi 30 avril 2026 Vous pourrez nous rapporter le formulaire d\u00fbment compl\u00e9t\u00e9 accompagn\u00e9 [&hellip;]<\/p>\n","protected":false},"author":3,"featured_media":9722,"comment_status":"open","ping_status":"open","sticky":false,"template":"","format":"standard","meta":{"_monsterinsights_skip_tracking":false,"_monsterinsights_sitenote_active":false,"_monsterinsights_sitenote_note":"","_monsterinsights_sitenote_category":0,"footnotes":""},"categories":[48,44],"tags":[],"class_list":["post-9623","post","type-post","status-publish","format-standard","has-post-thumbnail","hentry","category-a-la-une","category-slide","entry","has-media"],"yoast_head":"<!-- This site is optimized with the Yoast SEO plugin v19.6.1 - https:\/\/yoast.com\/wordpress\/plugins\/seo\/ -->\n<title>Stages de Printemps 2026, les inscriptions c&#039;est par ici ! - CO Vincennes<\/title>\n<meta name=\"robots\" content=\"index, follow, max-snippet:-1, max-image-preview:large, max-video-preview:-1\" \/>\n<link rel=\"canonical\" href=\"https:\/\/covincennes.com\/index.php\/2026\/01\/21\/stages-deprintemps-2026-les-inscriptions-sont-ouvertes\/\" \/>\n<meta property=\"og:locale\" content=\"fr_FR\" \/>\n<meta property=\"og:type\" content=\"article\" \/>\n<meta property=\"og:title\" content=\"Stages de Printemps 2026, les inscriptions c&#039;est par ici ! - CO Vincennes\" \/>\n<meta property=\"og:description\" content=\"Voici le formulaire des stages pour ce Printemps. Pour rappel, nos stages sont ouverts aux cat\u00e9gories U6 \u00e0 U14 gar\u00e7ons et filles. Voici les dates : &#8211; Du lundi 20 avril au vendredi 24 avril 2026 &#8211; Du lundi 27 avril au jeudi 30 avril 2026 Vous pourrez nous rapporter le formulaire d\u00fbment compl\u00e9t\u00e9 accompagn\u00e9 [&hellip;]\" \/>\n<meta property=\"og:url\" content=\"https:\/\/covincennes.com\/index.php\/2026\/01\/21\/stages-deprintemps-2026-les-inscriptions-sont-ouvertes\/\" \/>\n<meta property=\"og:site_name\" content=\"CO Vincennes\" \/>\n<meta property=\"article:publisher\" content=\"https:\/\/www.facebook.com\/CO-VINCENNES-la-page-officielle-136021893155921\/\" \/>\n<meta property=\"article:published_time\" content=\"2026-01-21T16:27:46+00:00\" \/>\n<meta property=\"article:modified_time\" content=\"2026-03-12T15:20:07+00:00\" \/>\n<meta property=\"og:image\" content=\"https:\/\/covincennes.com\/wp-content\/uploads\/2026\/03\/Capture1.jpg\" \/>\n\t<meta property=\"og:image:width\" content=\"643\" \/>\n\t<meta property=\"og:image:height\" content=\"480\" \/>\n\t<meta property=\"og:image:type\" content=\"image\/jpeg\" \/>\n<meta name=\"author\" content=\"Michael Sampaio\" \/>\n<meta name=\"twitter:card\" content=\"summary_large_image\" \/>\n<meta name=\"twitter:creator\" content=\"@covincennes\" \/>\n<meta name=\"twitter:site\" content=\"@covincennes\" \/>\n<meta name=\"twitter:label1\" content=\"\u00c9crit par\" \/>\n\t<meta name=\"twitter:data1\" content=\"Michael Sampaio\" \/>\n\t<meta name=\"twitter:label2\" content=\"Dur\u00e9e de lecture estim\u00e9e\" \/>\n\t<meta name=\"twitter:data2\" content=\"1 minute\" \/>\n<script type=\"application\/ld+json\" class=\"yoast-schema-graph\">{\"@context\":\"https:\/\/schema.org\",\"@graph\":[{\"@type\":\"Article\",\"@id\":\"https:\/\/covincennes.com\/index.php\/2026\/01\/21\/stages-deprintemps-2026-les-inscriptions-sont-ouvertes\/#article\",\"isPartOf\":{\"@id\":\"https:\/\/covincennes.com\/index.php\/2026\/01\/21\/stages-deprintemps-2026-les-inscriptions-sont-ouvertes\/\"},\"author\":{\"name\":\"Michael Sampaio\",\"@id\":\"https:\/\/covincennes.com\/#\/schema\/person\/98a50ec4058712b1f87785cceda8522a\"},\"headline\":\"Stages de Printemps 2026, les inscriptions c&rsquo;est par ici !\",\"datePublished\":\"2026-01-21T16:27:46+00:00\",\"dateModified\":\"2026-03-12T15:20:07+00:00\",\"mainEntityOfPage\":{\"@id\":\"https:\/\/covincennes.com\/index.php\/2026\/01\/21\/stages-deprintemps-2026-les-inscriptions-sont-ouvertes\/\"},\"wordCount\":206,\"commentCount\":0,\"publisher\":{\"@id\":\"https:\/\/covincennes.com\/#organization\"},\"articleSection\":[\"\u00e0 la une\",\"Slide\"],\"inLanguage\":\"fr-FR\",\"potentialAction\":[{\"@type\":\"CommentAction\",\"name\":\"Comment\",\"target\":[\"https:\/\/covincennes.com\/index.php\/2026\/01\/21\/stages-deprintemps-2026-les-inscriptions-sont-ouvertes\/#respond\"]}]},{\"@type\":\"WebPage\",\"@id\":\"https:\/\/covincennes.com\/index.php\/2026\/01\/21\/stages-deprintemps-2026-les-inscriptions-sont-ouvertes\/\",\"url\":\"https:\/\/covincennes.com\/index.php\/2026\/01\/21\/stages-deprintemps-2026-les-inscriptions-sont-ouvertes\/\",\"name\":\"Stages de Printemps 2026, les inscriptions c'est par ici ! - CO Vincennes\",\"isPartOf\":{\"@id\":\"https:\/\/covincennes.com\/#website\"},\"datePublished\":\"2026-01-21T16:27:46+00:00\",\"dateModified\":\"2026-03-12T15:20:07+00:00\",\"breadcrumb\":{\"@id\":\"https:\/\/covincennes.com\/index.php\/2026\/01\/21\/stages-deprintemps-2026-les-inscriptions-sont-ouvertes\/#breadcrumb\"},\"inLanguage\":\"fr-FR\",\"potentialAction\":[{\"@type\":\"ReadAction\",\"target\":[\"https:\/\/covincennes.com\/index.php\/2026\/01\/21\/stages-deprintemps-2026-les-inscriptions-sont-ouvertes\/\"]}]},{\"@type\":\"BreadcrumbList\",\"@id\":\"https:\/\/covincennes.com\/index.php\/2026\/01\/21\/stages-deprintemps-2026-les-inscriptions-sont-ouvertes\/#breadcrumb\",\"itemListElement\":[{\"@type\":\"ListItem\",\"position\":1,\"name\":\"Accueil\",\"item\":\"https:\/\/covincennes.com\/\"},{\"@type\":\"ListItem\",\"position\":2,\"name\":\"Stages de Printemps 2026, les inscriptions c&rsquo;est par ici !\"}]},{\"@type\":\"WebSite\",\"@id\":\"https:\/\/covincennes.com\/#website\",\"url\":\"https:\/\/covincennes.com\/\",\"name\":\"CO Vincennes\",\"description\":\"Un site utilisant WordPress\",\"publisher\":{\"@id\":\"https:\/\/covincennes.com\/#organization\"},\"potentialAction\":[{\"@type\":\"SearchAction\",\"target\":{\"@type\":\"EntryPoint\",\"urlTemplate\":\"https:\/\/covincennes.com\/?s={search_term_string}\"},\"query-input\":\"required name=search_term_string\"}],\"inLanguage\":\"fr-FR\"},{\"@type\":\"Organization\",\"@id\":\"https:\/\/covincennes.com\/#organization\",\"name\":\"CO Vincennes\",\"url\":\"https:\/\/covincennes.com\/\",\"sameAs\":[\"https:\/\/www.facebook.com\/CO-VINCENNES-la-page-officielle-136021893155921\/\",\"https:\/\/twitter.com\/covincennes\"],\"logo\":{\"@type\":\"ImageObject\",\"inLanguage\":\"fr-FR\",\"@id\":\"https:\/\/covincennes.com\/#\/schema\/logo\/image\/\",\"url\":\"https:\/\/covincennes.com\/wp-content\/uploads\/2019\/11\/logo-cov-png.png\",\"contentUrl\":\"https:\/\/covincennes.com\/wp-content\/uploads\/2019\/11\/logo-cov-png.png\",\"width\":495,\"height\":497,\"caption\":\"CO Vincennes\"},\"image\":{\"@id\":\"https:\/\/covincennes.com\/#\/schema\/logo\/image\/\"}},{\"@type\":\"Person\",\"@id\":\"https:\/\/covincennes.com\/#\/schema\/person\/98a50ec4058712b1f87785cceda8522a\",\"name\":\"Michael Sampaio\",\"image\":{\"@type\":\"ImageObject\",\"inLanguage\":\"fr-FR\",\"@id\":\"https:\/\/covincennes.com\/#\/schema\/person\/image\/\",\"url\":\"https:\/\/secure.gravatar.com\/avatar\/01b9a86131116bd0fd0e140505dee69ed58fa76a96d075b61115d1c80887852f?s=96&d=mm&r=g\",\"contentUrl\":\"https:\/\/secure.gravatar.com\/avatar\/01b9a86131116bd0fd0e140505dee69ed58fa76a96d075b61115d1c80887852f?s=96&d=mm&r=g\",\"caption\":\"Michael Sampaio\"},\"url\":\"https:\/\/covincennes.com\/index.php\/author\/sampaio-michael\/\"}]}<\/script>\n<!-- \/ Yoast SEO plugin. -->","yoast_head_json":{"title":"Stages de Printemps 2026, les inscriptions c'est par ici ! - CO Vincennes","robots":{"index":"index","follow":"follow","max-snippet":"max-snippet:-1","max-image-preview":"max-image-preview:large","max-video-preview":"max-video-preview:-1"},"canonical":"https:\/\/covincennes.com\/index.php\/2026\/01\/21\/stages-deprintemps-2026-les-inscriptions-sont-ouvertes\/","og_locale":"fr_FR","og_type":"article","og_title":"Stages de Printemps 2026, les inscriptions c'est par ici ! - CO Vincennes","og_description":"Voici le formulaire des stages pour ce Printemps. Pour rappel, nos stages sont ouverts aux cat\u00e9gories U6 \u00e0 U14 gar\u00e7ons et filles. Voici les dates : &#8211; Du lundi 20 avril au vendredi 24 avril 2026 &#8211; Du lundi 27 avril au jeudi 30 avril 2026 Vous pourrez nous rapporter le formulaire d\u00fbment compl\u00e9t\u00e9 accompagn\u00e9 [&hellip;]","og_url":"https:\/\/covincennes.com\/index.php\/2026\/01\/21\/stages-deprintemps-2026-les-inscriptions-sont-ouvertes\/","og_site_name":"CO Vincennes","article_publisher":"https:\/\/www.facebook.com\/CO-VINCENNES-la-page-officielle-136021893155921\/","article_published_time":"2026-01-21T16:27:46+00:00","article_modified_time":"2026-03-12T15:20:07+00:00","og_image":[{"width":643,"height":480,"url":"https:\/\/covincennes.com\/wp-content\/uploads\/2026\/03\/Capture1.jpg","type":"image\/jpeg"}],"author":"Michael Sampaio","twitter_card":"summary_large_image","twitter_creator":"@covincennes","twitter_site":"@covincennes","twitter_misc":{"\u00c9crit par":"Michael Sampaio","Dur\u00e9e de lecture estim\u00e9e":"1 minute"},"schema":{"@context":"https:\/\/schema.org","@graph":[{"@type":"Article","@id":"https:\/\/covincennes.com\/index.php\/2026\/01\/21\/stages-deprintemps-2026-les-inscriptions-sont-ouvertes\/#article","isPartOf":{"@id":"https:\/\/covincennes.com\/index.php\/2026\/01\/21\/stages-deprintemps-2026-les-inscriptions-sont-ouvertes\/"},"author":{"name":"Michael Sampaio","@id":"https:\/\/covincennes.com\/#\/schema\/person\/98a50ec4058712b1f87785cceda8522a"},"headline":"Stages de Printemps 2026, les inscriptions c&rsquo;est par ici !","datePublished":"2026-01-21T16:27:46+00:00","dateModified":"2026-03-12T15:20:07+00:00","mainEntityOfPage":{"@id":"https:\/\/covincennes.com\/index.php\/2026\/01\/21\/stages-deprintemps-2026-les-inscriptions-sont-ouvertes\/"},"wordCount":206,"commentCount":0,"publisher":{"@id":"https:\/\/covincennes.com\/#organization"},"articleSection":["\u00e0 la une","Slide"],"inLanguage":"fr-FR","potentialAction":[{"@type":"CommentAction","name":"Comment","target":["https:\/\/covincennes.com\/index.php\/2026\/01\/21\/stages-deprintemps-2026-les-inscriptions-sont-ouvertes\/#respond"]}]},{"@type":"WebPage","@id":"https:\/\/covincennes.com\/index.php\/2026\/01\/21\/stages-deprintemps-2026-les-inscriptions-sont-ouvertes\/","url":"https:\/\/covincennes.com\/index.php\/2026\/01\/21\/stages-deprintemps-2026-les-inscriptions-sont-ouvertes\/","name":"Stages de Printemps 2026, les inscriptions c'est par ici ! - CO Vincennes","isPartOf":{"@id":"https:\/\/covincennes.com\/#website"},"datePublished":"2026-01-21T16:27:46+00:00","dateModified":"2026-03-12T15:20:07+00:00","breadcrumb":{"@id":"https:\/\/covincennes.com\/index.php\/2026\/01\/21\/stages-deprintemps-2026-les-inscriptions-sont-ouvertes\/#breadcrumb"},"inLanguage":"fr-FR","potentialAction":[{"@type":"ReadAction","target":["https:\/\/covincennes.com\/index.php\/2026\/01\/21\/stages-deprintemps-2026-les-inscriptions-sont-ouvertes\/"]}]},{"@type":"BreadcrumbList","@id":"https:\/\/covincennes.com\/index.php\/2026\/01\/21\/stages-deprintemps-2026-les-inscriptions-sont-ouvertes\/#breadcrumb","itemListElement":[{"@type":"ListItem","position":1,"name":"Accueil","item":"https:\/\/covincennes.com\/"},{"@type":"ListItem","position":2,"name":"Stages de Printemps 2026, les inscriptions c&rsquo;est par ici !"}]},{"@type":"WebSite","@id":"https:\/\/covincennes.com\/#website","url":"https:\/\/covincennes.com\/","name":"CO Vincennes","description":"Un site utilisant WordPress","publisher":{"@id":"https:\/\/covincennes.com\/#organization"},"potentialAction":[{"@type":"SearchAction","target":{"@type":"EntryPoint","urlTemplate":"https:\/\/covincennes.com\/?s={search_term_string}"},"query-input":"required name=search_term_string"}],"inLanguage":"fr-FR"},{"@type":"Organization","@id":"https:\/\/covincennes.com\/#organization","name":"CO Vincennes","url":"https:\/\/covincennes.com\/","sameAs":["https:\/\/www.facebook.com\/CO-VINCENNES-la-page-officielle-136021893155921\/","https:\/\/twitter.com\/covincennes"],"logo":{"@type":"ImageObject","inLanguage":"fr-FR","@id":"https:\/\/covincennes.com\/#\/schema\/logo\/image\/","url":"https:\/\/covincennes.com\/wp-content\/uploads\/2019\/11\/logo-cov-png.png","contentUrl":"https:\/\/covincennes.com\/wp-content\/uploads\/2019\/11\/logo-cov-png.png","width":495,"height":497,"caption":"CO Vincennes"},"image":{"@id":"https:\/\/covincennes.com\/#\/schema\/logo\/image\/"}},{"@type":"Person","@id":"https:\/\/covincennes.com\/#\/schema\/person\/98a50ec4058712b1f87785cceda8522a","name":"Michael Sampaio","image":{"@type":"ImageObject","inLanguage":"fr-FR","@id":"https:\/\/covincennes.com\/#\/schema\/person\/image\/","url":"https:\/\/secure.gravatar.com\/avatar\/01b9a86131116bd0fd0e140505dee69ed58fa76a96d075b61115d1c80887852f?s=96&d=mm&r=g","contentUrl":"https:\/\/secure.gravatar.com\/avatar\/01b9a86131116bd0fd0e140505dee69ed58fa76a96d075b61115d1c80887852f?s=96&d=mm&r=g","caption":"Michael Sampaio"},"url":"https:\/\/covincennes.com\/index.php\/author\/sampaio-michael\/"}]}},"_links":{"self":[{"href":"https:\/\/covincennes.com\/index.php\/wp-json\/wp\/v2\/posts\/9623","targetHints":{"allow":["GET"]}}],"collection":[{"href":"https:\/\/covincennes.com\/index.php\/wp-json\/wp\/v2\/posts"}],"about":[{"href":"https:\/\/covincennes.com\/index.php\/wp-json\/wp\/v2\/types\/post"}],"author":[{"embeddable":true,"href":"https:\/\/covincennes.com\/index.php\/wp-json\/wp\/v2\/users\/3"}],"replies":[{"embeddable":true,"href":"https:\/\/covincennes.com\/index.php\/wp-json\/wp\/v2\/comments?post=9623"}],"version-history":[{"count":3,"href":"https:\/\/covincennes.com\/index.php\/wp-json\/wp\/v2\/posts\/9623\/revisions"}],"predecessor-version":[{"id":9718,"href":"https:\/\/covincennes.com\/index.php\/wp-json\/wp\/v2\/posts\/9623\/revisions\/9718"}],"wp:featuredmedia":[{"embeddable":true,"href":"https:\/\/covincennes.com\/index.php\/wp-json\/wp\/v2\/media\/9722"}],"wp:attachment":[{"href":"https:\/\/covincennes.com\/index.php\/wp-json\/wp\/v2\/media?parent=9623"}],"wp:term":[{"taxonomy":"category","embeddable":true,"href":"https:\/\/covincennes.com\/index.php\/wp-json\/wp\/v2\/categories?post=9623"},{"taxonomy":"post_tag","embeddable":true,"href":"https:\/\/covincennes.com\/index.php\/wp-json\/wp\/v2\/tags?post=9623"}],"curies":[{"name":"wp","href":"https:\/\/api.w.org\/{rel}","templated":true}]}}