{"id":9802,"date":"2026-03-15T23:28:18","date_gmt":"2026-03-15T22:28:18","guid":{"rendered":"https:\/\/covincennes.com\/?p=9802"},"modified":"2026-04-15T14:44:09","modified_gmt":"2026-04-15T12:44:09","slug":"nos-seniors-a-cartonnent-2","status":"publish","type":"post","link":"https:\/\/covincennes.com\/index.php\/2026\/03\/15\/nos-seniors-a-cartonnent-2\/","title":{"rendered":"Nos s\u00e9niors A cartonnent !"},"content":{"rendered":"<p>Alors que l&rsquo;on d\u00e9plorait cette saison le manque d&rsquo;efficacit\u00e9 de nos s\u00e9niors A, ou leur manque de r\u00e9ussite, ou les deux, nos s\u00e9niors ont \u00e9t\u00e9 particuli\u00e8rement inspir\u00e9s en recevant Montfermeil.<\/p>\n<p>Avec deux buts dans le premier quart d&rsquo;heure, ils avaient d\u00e9j\u00e0 r\u00e9ussi leur entame. La suite devait \u00eatre flamboyante avec six autres buts et un tr\u00e8s large succ\u00e8s qui confirme la bonne dynamique des hommes de Carl.<\/p>\n<p>Avec des doubl\u00e9s de Boubou et d&rsquo;Obrad et des buts de Victor, Hattabiou, Jawan et Pierre-Olivier, nos Vincennois ont fait grosse impression. A confirmer d\u00e8s dimanche prochain chez le leader, Chevilly-Larue.<\/p>\n<div style=\"width: 640px;\" class=\"wp-video\"><video class=\"wp-video-shortcode\" id=\"video-9802-1\" width=\"640\" height=\"360\" preload=\"metadata\" controls=\"controls\"><source type=\"video\/mp4\" src=\"https:\/\/covincennes.com\/wp-content\/uploads\/2026\/03\/Le-vestiaire-chavire-de-joie-.mp4?_=1\" \/><a href=\"https:\/\/covincennes.com\/wp-content\/uploads\/2026\/03\/Le-vestiaire-chavire-de-joie-.mp4\">https:\/\/covincennes.com\/wp-content\/uploads\/2026\/03\/Le-vestiaire-chavire-de-joie-.mp4<\/a><\/video><\/div>\n","protected":false},"excerpt":{"rendered":"<p>Alors que l&rsquo;on d\u00e9plorait cette saison le manque d&rsquo;efficacit\u00e9 de nos s\u00e9niors A, ou leur manque de r\u00e9ussite, ou les deux, nos s\u00e9niors ont \u00e9t\u00e9 particuli\u00e8rement inspir\u00e9s en recevant Montfermeil. Avec deux buts dans le premier quart d&rsquo;heure, ils avaient d\u00e9j\u00e0 r\u00e9ussi leur entame. La suite devait \u00eatre flamboyante avec six autres buts et un [&hellip;]<\/p>\n","protected":false},"author":2,"featured_media":9803,"comment_status":"open","ping_status":"open","sticky":false,"template":"","format":"standard","meta":{"_monsterinsights_skip_tracking":false,"_monsterinsights_sitenote_active":false,"_monsterinsights_sitenote_note":"","_monsterinsights_sitenote_category":0,"footnotes":""},"categories":[48],"tags":[],"class_list":["post-9802","post","type-post","status-publish","format-standard","has-post-thumbnail","hentry","category-a-la-une","entry","has-media"],"yoast_head":"<!-- This site is optimized with the Yoast SEO plugin v19.6.1 - https:\/\/yoast.com\/wordpress\/plugins\/seo\/ -->\n<title>Nos s\u00e9niors A cartonnent ! - CO Vincennes<\/title>\n<meta name=\"robots\" content=\"index, follow, max-snippet:-1, max-image-preview:large, max-video-preview:-1\" \/>\n<link rel=\"canonical\" href=\"https:\/\/covincennes.com\/index.php\/2026\/03\/15\/nos-seniors-a-cartonnent-2\/\" \/>\n<meta property=\"og:locale\" content=\"fr_FR\" \/>\n<meta property=\"og:type\" content=\"article\" \/>\n<meta property=\"og:title\" content=\"Nos s\u00e9niors A cartonnent ! - CO Vincennes\" \/>\n<meta property=\"og:description\" content=\"Alors que l&rsquo;on d\u00e9plorait cette saison le manque d&rsquo;efficacit\u00e9 de nos s\u00e9niors A, ou leur manque de r\u00e9ussite, ou les deux, nos s\u00e9niors ont \u00e9t\u00e9 particuli\u00e8rement inspir\u00e9s en recevant Montfermeil. Avec deux buts dans le premier quart d&rsquo;heure, ils avaient d\u00e9j\u00e0 r\u00e9ussi leur entame. La suite devait \u00eatre flamboyante avec six autres buts et un [&hellip;]\" \/>\n<meta property=\"og:url\" content=\"https:\/\/covincennes.com\/index.php\/2026\/03\/15\/nos-seniors-a-cartonnent-2\/\" \/>\n<meta property=\"og:site_name\" content=\"CO Vincennes\" \/>\n<meta property=\"article:publisher\" content=\"https:\/\/www.facebook.com\/CO-VINCENNES-la-page-officielle-136021893155921\/\" \/>\n<meta property=\"article:published_time\" content=\"2026-03-15T22:28:18+00:00\" \/>\n<meta property=\"article:modified_time\" content=\"2026-04-15T12:44:09+00:00\" \/>\n<meta property=\"og:image\" content=\"https:\/\/covincennes.com\/wp-content\/uploads\/2026\/04\/Photo-Montfermeil-redimensionnee.jpg\" \/>\n\t<meta property=\"og:image:width\" content=\"643\" \/>\n\t<meta property=\"og:image:height\" content=\"480\" \/>\n\t<meta property=\"og:image:type\" content=\"image\/jpeg\" \/>\n<meta name=\"author\" content=\"Cole Hibry\" \/>\n<meta name=\"twitter:card\" content=\"summary_large_image\" \/>\n<meta name=\"twitter:creator\" content=\"@covincennes\" \/>\n<meta name=\"twitter:site\" content=\"@covincennes\" \/>\n<meta name=\"twitter:label1\" content=\"\u00c9crit par\" \/>\n\t<meta name=\"twitter:data1\" content=\"Cole Hibry\" \/>\n\t<meta name=\"twitter:label2\" content=\"Dur\u00e9e de lecture estim\u00e9e\" \/>\n\t<meta name=\"twitter:data2\" content=\"1 minute\" \/>\n<script type=\"application\/ld+json\" class=\"yoast-schema-graph\">{\"@context\":\"https:\/\/schema.org\",\"@graph\":[{\"@type\":\"Article\",\"@id\":\"https:\/\/covincennes.com\/index.php\/2026\/03\/15\/nos-seniors-a-cartonnent-2\/#article\",\"isPartOf\":{\"@id\":\"https:\/\/covincennes.com\/index.php\/2026\/03\/15\/nos-seniors-a-cartonnent-2\/\"},\"author\":{\"name\":\"Cole Hibry\",\"@id\":\"https:\/\/covincennes.com\/#\/schema\/person\/eb881824360af01aa016999e439303fe\"},\"headline\":\"Nos s\u00e9niors A cartonnent !\",\"datePublished\":\"2026-03-15T22:28:18+00:00\",\"dateModified\":\"2026-04-15T12:44:09+00:00\",\"mainEntityOfPage\":{\"@id\":\"https:\/\/covincennes.com\/index.php\/2026\/03\/15\/nos-seniors-a-cartonnent-2\/\"},\"wordCount\":122,\"commentCount\":0,\"publisher\":{\"@id\":\"https:\/\/covincennes.com\/#organization\"},\"articleSection\":[\"\u00e0 la une\"],\"inLanguage\":\"fr-FR\",\"potentialAction\":[{\"@type\":\"CommentAction\",\"name\":\"Comment\",\"target\":[\"https:\/\/covincennes.com\/index.php\/2026\/03\/15\/nos-seniors-a-cartonnent-2\/#respond\"]}]},{\"@type\":\"WebPage\",\"@id\":\"https:\/\/covincennes.com\/index.php\/2026\/03\/15\/nos-seniors-a-cartonnent-2\/\",\"url\":\"https:\/\/covincennes.com\/index.php\/2026\/03\/15\/nos-seniors-a-cartonnent-2\/\",\"name\":\"Nos s\u00e9niors A cartonnent ! - CO Vincennes\",\"isPartOf\":{\"@id\":\"https:\/\/covincennes.com\/#website\"},\"datePublished\":\"2026-03-15T22:28:18+00:00\",\"dateModified\":\"2026-04-15T12:44:09+00:00\",\"breadcrumb\":{\"@id\":\"https:\/\/covincennes.com\/index.php\/2026\/03\/15\/nos-seniors-a-cartonnent-2\/#breadcrumb\"},\"inLanguage\":\"fr-FR\",\"potentialAction\":[{\"@type\":\"ReadAction\",\"target\":[\"https:\/\/covincennes.com\/index.php\/2026\/03\/15\/nos-seniors-a-cartonnent-2\/\"]}]},{\"@type\":\"BreadcrumbList\",\"@id\":\"https:\/\/covincennes.com\/index.php\/2026\/03\/15\/nos-seniors-a-cartonnent-2\/#breadcrumb\",\"itemListElement\":[{\"@type\":\"ListItem\",\"position\":1,\"name\":\"Accueil\",\"item\":\"https:\/\/covincennes.com\/\"},{\"@type\":\"ListItem\",\"position\":2,\"name\":\"Nos s\u00e9niors A cartonnent !\"}]},{\"@type\":\"WebSite\",\"@id\":\"https:\/\/covincennes.com\/#website\",\"url\":\"https:\/\/covincennes.com\/\",\"name\":\"CO Vincennes\",\"description\":\"Un site utilisant WordPress\",\"publisher\":{\"@id\":\"https:\/\/covincennes.com\/#organization\"},\"potentialAction\":[{\"@type\":\"SearchAction\",\"target\":{\"@type\":\"EntryPoint\",\"urlTemplate\":\"https:\/\/covincennes.com\/?s={search_term_string}\"},\"query-input\":\"required name=search_term_string\"}],\"inLanguage\":\"fr-FR\"},{\"@type\":\"Organization\",\"@id\":\"https:\/\/covincennes.com\/#organization\",\"name\":\"CO Vincennes\",\"url\":\"https:\/\/covincennes.com\/\",\"sameAs\":[\"https:\/\/www.facebook.com\/CO-VINCENNES-la-page-officielle-136021893155921\/\",\"https:\/\/twitter.com\/covincennes\"],\"logo\":{\"@type\":\"ImageObject\",\"inLanguage\":\"fr-FR\",\"@id\":\"https:\/\/covincennes.com\/#\/schema\/logo\/image\/\",\"url\":\"https:\/\/covincennes.com\/wp-content\/uploads\/2019\/11\/logo-cov-png.png\",\"contentUrl\":\"https:\/\/covincennes.com\/wp-content\/uploads\/2019\/11\/logo-cov-png.png\",\"width\":495,\"height\":497,\"caption\":\"CO Vincennes\"},\"image\":{\"@id\":\"https:\/\/covincennes.com\/#\/schema\/logo\/image\/\"}},{\"@type\":\"Person\",\"@id\":\"https:\/\/covincennes.com\/#\/schema\/person\/eb881824360af01aa016999e439303fe\",\"name\":\"Cole Hibry\",\"image\":{\"@type\":\"ImageObject\",\"inLanguage\":\"fr-FR\",\"@id\":\"https:\/\/covincennes.com\/#\/schema\/person\/image\/\",\"url\":\"https:\/\/secure.gravatar.com\/avatar\/fdd68f914853e79675161dab52794fbe213aaa71837a3f83ab5d0669e81bb866?s=96&d=mm&r=g\",\"contentUrl\":\"https:\/\/secure.gravatar.com\/avatar\/fdd68f914853e79675161dab52794fbe213aaa71837a3f83ab5d0669e81bb866?s=96&d=mm&r=g\",\"caption\":\"Cole Hibry\"},\"url\":\"https:\/\/covincennes.com\/index.php\/author\/chevit-frederic\/\"}]}<\/script>\n<!-- \/ Yoast SEO plugin. -->","yoast_head_json":{"title":"Nos s\u00e9niors A cartonnent ! - CO Vincennes","robots":{"index":"index","follow":"follow","max-snippet":"max-snippet:-1","max-image-preview":"max-image-preview:large","max-video-preview":"max-video-preview:-1"},"canonical":"https:\/\/covincennes.com\/index.php\/2026\/03\/15\/nos-seniors-a-cartonnent-2\/","og_locale":"fr_FR","og_type":"article","og_title":"Nos s\u00e9niors A cartonnent ! - CO Vincennes","og_description":"Alors que l&rsquo;on d\u00e9plorait cette saison le manque d&rsquo;efficacit\u00e9 de nos s\u00e9niors A, ou leur manque de r\u00e9ussite, ou les deux, nos s\u00e9niors ont \u00e9t\u00e9 particuli\u00e8rement inspir\u00e9s en recevant Montfermeil. Avec deux buts dans le premier quart d&rsquo;heure, ils avaient d\u00e9j\u00e0 r\u00e9ussi leur entame. La suite devait \u00eatre flamboyante avec six autres buts et un [&hellip;]","og_url":"https:\/\/covincennes.com\/index.php\/2026\/03\/15\/nos-seniors-a-cartonnent-2\/","og_site_name":"CO Vincennes","article_publisher":"https:\/\/www.facebook.com\/CO-VINCENNES-la-page-officielle-136021893155921\/","article_published_time":"2026-03-15T22:28:18+00:00","article_modified_time":"2026-04-15T12:44:09+00:00","og_image":[{"width":643,"height":480,"url":"https:\/\/covincennes.com\/wp-content\/uploads\/2026\/04\/Photo-Montfermeil-redimensionnee.jpg","type":"image\/jpeg"}],"author":"Cole Hibry","twitter_card":"summary_large_image","twitter_creator":"@covincennes","twitter_site":"@covincennes","twitter_misc":{"\u00c9crit par":"Cole Hibry","Dur\u00e9e de lecture estim\u00e9e":"1 minute"},"schema":{"@context":"https:\/\/schema.org","@graph":[{"@type":"Article","@id":"https:\/\/covincennes.com\/index.php\/2026\/03\/15\/nos-seniors-a-cartonnent-2\/#article","isPartOf":{"@id":"https:\/\/covincennes.com\/index.php\/2026\/03\/15\/nos-seniors-a-cartonnent-2\/"},"author":{"name":"Cole Hibry","@id":"https:\/\/covincennes.com\/#\/schema\/person\/eb881824360af01aa016999e439303fe"},"headline":"Nos s\u00e9niors A cartonnent !","datePublished":"2026-03-15T22:28:18+00:00","dateModified":"2026-04-15T12:44:09+00:00","mainEntityOfPage":{"@id":"https:\/\/covincennes.com\/index.php\/2026\/03\/15\/nos-seniors-a-cartonnent-2\/"},"wordCount":122,"commentCount":0,"publisher":{"@id":"https:\/\/covincennes.com\/#organization"},"articleSection":["\u00e0 la une"],"inLanguage":"fr-FR","potentialAction":[{"@type":"CommentAction","name":"Comment","target":["https:\/\/covincennes.com\/index.php\/2026\/03\/15\/nos-seniors-a-cartonnent-2\/#respond"]}]},{"@type":"WebPage","@id":"https:\/\/covincennes.com\/index.php\/2026\/03\/15\/nos-seniors-a-cartonnent-2\/","url":"https:\/\/covincennes.com\/index.php\/2026\/03\/15\/nos-seniors-a-cartonnent-2\/","name":"Nos s\u00e9niors A cartonnent ! - CO Vincennes","isPartOf":{"@id":"https:\/\/covincennes.com\/#website"},"datePublished":"2026-03-15T22:28:18+00:00","dateModified":"2026-04-15T12:44:09+00:00","breadcrumb":{"@id":"https:\/\/covincennes.com\/index.php\/2026\/03\/15\/nos-seniors-a-cartonnent-2\/#breadcrumb"},"inLanguage":"fr-FR","potentialAction":[{"@type":"ReadAction","target":["https:\/\/covincennes.com\/index.php\/2026\/03\/15\/nos-seniors-a-cartonnent-2\/"]}]},{"@type":"BreadcrumbList","@id":"https:\/\/covincennes.com\/index.php\/2026\/03\/15\/nos-seniors-a-cartonnent-2\/#breadcrumb","itemListElement":[{"@type":"ListItem","position":1,"name":"Accueil","item":"https:\/\/covincennes.com\/"},{"@type":"ListItem","position":2,"name":"Nos s\u00e9niors A cartonnent !"}]},{"@type":"WebSite","@id":"https:\/\/covincennes.com\/#website","url":"https:\/\/covincennes.com\/","name":"CO Vincennes","description":"Un site utilisant WordPress","publisher":{"@id":"https:\/\/covincennes.com\/#organization"},"potentialAction":[{"@type":"SearchAction","target":{"@type":"EntryPoint","urlTemplate":"https:\/\/covincennes.com\/?s={search_term_string}"},"query-input":"required name=search_term_string"}],"inLanguage":"fr-FR"},{"@type":"Organization","@id":"https:\/\/covincennes.com\/#organization","name":"CO Vincennes","url":"https:\/\/covincennes.com\/","sameAs":["https:\/\/www.facebook.com\/CO-VINCENNES-la-page-officielle-136021893155921\/","https:\/\/twitter.com\/covincennes"],"logo":{"@type":"ImageObject","inLanguage":"fr-FR","@id":"https:\/\/covincennes.com\/#\/schema\/logo\/image\/","url":"https:\/\/covincennes.com\/wp-content\/uploads\/2019\/11\/logo-cov-png.png","contentUrl":"https:\/\/covincennes.com\/wp-content\/uploads\/2019\/11\/logo-cov-png.png","width":495,"height":497,"caption":"CO Vincennes"},"image":{"@id":"https:\/\/covincennes.com\/#\/schema\/logo\/image\/"}},{"@type":"Person","@id":"https:\/\/covincennes.com\/#\/schema\/person\/eb881824360af01aa016999e439303fe","name":"Cole Hibry","image":{"@type":"ImageObject","inLanguage":"fr-FR","@id":"https:\/\/covincennes.com\/#\/schema\/person\/image\/","url":"https:\/\/secure.gravatar.com\/avatar\/fdd68f914853e79675161dab52794fbe213aaa71837a3f83ab5d0669e81bb866?s=96&d=mm&r=g","contentUrl":"https:\/\/secure.gravatar.com\/avatar\/fdd68f914853e79675161dab52794fbe213aaa71837a3f83ab5d0669e81bb866?s=96&d=mm&r=g","caption":"Cole Hibry"},"url":"https:\/\/covincennes.com\/index.php\/author\/chevit-frederic\/"}]}},"_links":{"self":[{"href":"https:\/\/covincennes.com\/index.php\/wp-json\/wp\/v2\/posts\/9802","targetHints":{"allow":["GET"]}}],"collection":[{"href":"https:\/\/covincennes.com\/index.php\/wp-json\/wp\/v2\/posts"}],"about":[{"href":"https:\/\/covincennes.com\/index.php\/wp-json\/wp\/v2\/types\/post"}],"author":[{"embeddable":true,"href":"https:\/\/covincennes.com\/index.php\/wp-json\/wp\/v2\/users\/2"}],"replies":[{"embeddable":true,"href":"https:\/\/covincennes.com\/index.php\/wp-json\/wp\/v2\/comments?post=9802"}],"version-history":[{"count":4,"href":"https:\/\/covincennes.com\/index.php\/wp-json\/wp\/v2\/posts\/9802\/revisions"}],"predecessor-version":[{"id":9811,"href":"https:\/\/covincennes.com\/index.php\/wp-json\/wp\/v2\/posts\/9802\/revisions\/9811"}],"wp:featuredmedia":[{"embeddable":true,"href":"https:\/\/covincennes.com\/index.php\/wp-json\/wp\/v2\/media\/9803"}],"wp:attachment":[{"href":"https:\/\/covincennes.com\/index.php\/wp-json\/wp\/v2\/media?parent=9802"}],"wp:term":[{"taxonomy":"category","embeddable":true,"href":"https:\/\/covincennes.com\/index.php\/wp-json\/wp\/v2\/categories?post=9802"},{"taxonomy":"post_tag","embeddable":true,"href":"https:\/\/covincennes.com\/index.php\/wp-json\/wp\/v2\/tags?post=9802"}],"curies":[{"name":"wp","href":"https:\/\/api.w.org\/{rel}","templated":true}]}}