{"id":9868,"date":"2026-04-21T11:26:44","date_gmt":"2026-04-21T09:26:44","guid":{"rendered":"https:\/\/covincennes.com\/?p=9868"},"modified":"2026-04-21T11:26:44","modified_gmt":"2026-04-21T09:26:44","slug":"un-pas-vers-le-maintien-pour-nos-seniors-b","status":"publish","type":"post","link":"https:\/\/covincennes.com\/index.php\/2026\/04\/21\/un-pas-vers-le-maintien-pour-nos-seniors-b\/","title":{"rendered":"Un pas vers le maintien pour nos s\u00e9niors B"},"content":{"rendered":"<p>En disposant d&rsquo;Igny, nos s\u00e9niors B ne se sont pas encore sauv\u00e9s, mais ils ont fait un pas vers le maintien et sont rest\u00e9s ma\u00eetres de leur destin. A condition bien s\u00fbr qu&rsquo;il n&rsquo;y ait pas de descente suppl\u00e9mentaire li\u00e9e aux rel\u00e9gations de National 3 vers la R1 de la Ligue de Paris Ile-de-France.<\/p>\n<p>C&rsquo;est \u00e0 l&rsquo;issue d&rsquo;un match bien ma\u00eetris\u00e9, malgr\u00e9 une petite frayeur quand leur adversaire est revenu \u00e0 un seul but, que les hommes de Willy l&rsquo;ont emport\u00e9. Ils avaient ouvert la marque en premi\u00e8re p\u00e9riode par Rafik, peut-\u00eatre boost\u00e9 par sa nouvelle coiffure, avant qu&rsquo;Ayoub ne transforme un penalty en seconde p\u00e9riode. Vous pouvez en voir les images en cliquant sur le lien sous cet article.<\/p>\n<p>Avec quatre points d&rsquo;avance sur le premier rel\u00e9gable et deux matches \u00e0 jouer, la dixi\u00e8me place semble accessible, m\u00eame si la r\u00e9ception d&rsquo;Aubervilliers, en course pour la mont\u00e9e, et le d\u00e9placement \u00e0 l&rsquo;Ararat Issy ne s&rsquo;annoncent pas particuli\u00e8rement faciles&#8230;<\/p>\n<p><a href=\"https:\/\/covincennes.com\/?attachment_id=9870\">Le penalty d&rsquo;Ayoub<\/a><\/p>\n<p>&nbsp;<\/p>\n","protected":false},"excerpt":{"rendered":"<p>En disposant d&rsquo;Igny, nos s\u00e9niors B ne se sont pas encore sauv\u00e9s, mais ils ont fait un pas vers le maintien et sont rest\u00e9s ma\u00eetres de leur destin. A condition bien s\u00fbr qu&rsquo;il n&rsquo;y ait pas de descente suppl\u00e9mentaire li\u00e9e aux rel\u00e9gations de National 3 vers la R1 de la Ligue de Paris Ile-de-France. C&rsquo;est [&hellip;]<\/p>\n","protected":false},"author":2,"featured_media":9871,"comment_status":"open","ping_status":"open","sticky":false,"template":"","format":"standard","meta":{"_monsterinsights_skip_tracking":false,"_monsterinsights_sitenote_active":false,"_monsterinsights_sitenote_note":"","_monsterinsights_sitenote_category":0,"footnotes":""},"categories":[44],"tags":[],"class_list":["post-9868","post","type-post","status-publish","format-standard","has-post-thumbnail","hentry","category-slide","entry","has-media"],"yoast_head":"<!-- This site is optimized with the Yoast SEO plugin v19.6.1 - https:\/\/yoast.com\/wordpress\/plugins\/seo\/ -->\n<title>Un pas vers le maintien pour nos s\u00e9niors B - CO Vincennes<\/title>\n<meta name=\"robots\" content=\"index, follow, max-snippet:-1, max-image-preview:large, max-video-preview:-1\" \/>\n<link rel=\"canonical\" href=\"https:\/\/covincennes.com\/index.php\/2026\/04\/21\/un-pas-vers-le-maintien-pour-nos-seniors-b\/\" \/>\n<meta property=\"og:locale\" content=\"fr_FR\" \/>\n<meta property=\"og:type\" content=\"article\" \/>\n<meta property=\"og:title\" content=\"Un pas vers le maintien pour nos s\u00e9niors B - CO Vincennes\" \/>\n<meta property=\"og:description\" content=\"En disposant d&rsquo;Igny, nos s\u00e9niors B ne se sont pas encore sauv\u00e9s, mais ils ont fait un pas vers le maintien et sont rest\u00e9s ma\u00eetres de leur destin. A condition bien s\u00fbr qu&rsquo;il n&rsquo;y ait pas de descente suppl\u00e9mentaire li\u00e9e aux rel\u00e9gations de National 3 vers la R1 de la Ligue de Paris Ile-de-France. C&rsquo;est [&hellip;]\" \/>\n<meta property=\"og:url\" content=\"https:\/\/covincennes.com\/index.php\/2026\/04\/21\/un-pas-vers-le-maintien-pour-nos-seniors-b\/\" \/>\n<meta property=\"og:site_name\" content=\"CO Vincennes\" \/>\n<meta property=\"article:publisher\" content=\"https:\/\/www.facebook.com\/CO-VINCENNES-la-page-officielle-136021893155921\/\" \/>\n<meta property=\"article:published_time\" content=\"2026-04-21T09:26:44+00:00\" \/>\n<meta property=\"og:image\" content=\"https:\/\/covincennes.com\/wp-content\/uploads\/2026\/04\/Photo-Igny-B-redimensionnee-1.jpg\" \/>\n\t<meta property=\"og:image:width\" content=\"643\" \/>\n\t<meta property=\"og:image:height\" content=\"480\" \/>\n\t<meta property=\"og:image:type\" content=\"image\/jpeg\" \/>\n<meta name=\"author\" content=\"Cole Hibry\" \/>\n<meta name=\"twitter:card\" content=\"summary_large_image\" \/>\n<meta name=\"twitter:creator\" content=\"@covincennes\" \/>\n<meta name=\"twitter:site\" content=\"@covincennes\" \/>\n<meta name=\"twitter:label1\" content=\"\u00c9crit par\" \/>\n\t<meta name=\"twitter:data1\" content=\"Cole Hibry\" \/>\n\t<meta name=\"twitter:label2\" content=\"Dur\u00e9e de lecture estim\u00e9e\" \/>\n\t<meta name=\"twitter:data2\" content=\"1 minute\" \/>\n<script type=\"application\/ld+json\" class=\"yoast-schema-graph\">{\"@context\":\"https:\/\/schema.org\",\"@graph\":[{\"@type\":\"Article\",\"@id\":\"https:\/\/covincennes.com\/index.php\/2026\/04\/21\/un-pas-vers-le-maintien-pour-nos-seniors-b\/#article\",\"isPartOf\":{\"@id\":\"https:\/\/covincennes.com\/index.php\/2026\/04\/21\/un-pas-vers-le-maintien-pour-nos-seniors-b\/\"},\"author\":{\"name\":\"Cole Hibry\",\"@id\":\"https:\/\/covincennes.com\/#\/schema\/person\/eb881824360af01aa016999e439303fe\"},\"headline\":\"Un pas vers le maintien pour nos s\u00e9niors B\",\"datePublished\":\"2026-04-21T09:26:44+00:00\",\"dateModified\":\"2026-04-21T09:26:44+00:00\",\"mainEntityOfPage\":{\"@id\":\"https:\/\/covincennes.com\/index.php\/2026\/04\/21\/un-pas-vers-le-maintien-pour-nos-seniors-b\/\"},\"wordCount\":188,\"commentCount\":0,\"publisher\":{\"@id\":\"https:\/\/covincennes.com\/#organization\"},\"articleSection\":[\"Slide\"],\"inLanguage\":\"fr-FR\",\"potentialAction\":[{\"@type\":\"CommentAction\",\"name\":\"Comment\",\"target\":[\"https:\/\/covincennes.com\/index.php\/2026\/04\/21\/un-pas-vers-le-maintien-pour-nos-seniors-b\/#respond\"]}]},{\"@type\":\"WebPage\",\"@id\":\"https:\/\/covincennes.com\/index.php\/2026\/04\/21\/un-pas-vers-le-maintien-pour-nos-seniors-b\/\",\"url\":\"https:\/\/covincennes.com\/index.php\/2026\/04\/21\/un-pas-vers-le-maintien-pour-nos-seniors-b\/\",\"name\":\"Un pas vers le maintien pour nos s\u00e9niors B - CO Vincennes\",\"isPartOf\":{\"@id\":\"https:\/\/covincennes.com\/#website\"},\"datePublished\":\"2026-04-21T09:26:44+00:00\",\"dateModified\":\"2026-04-21T09:26:44+00:00\",\"breadcrumb\":{\"@id\":\"https:\/\/covincennes.com\/index.php\/2026\/04\/21\/un-pas-vers-le-maintien-pour-nos-seniors-b\/#breadcrumb\"},\"inLanguage\":\"fr-FR\",\"potentialAction\":[{\"@type\":\"ReadAction\",\"target\":[\"https:\/\/covincennes.com\/index.php\/2026\/04\/21\/un-pas-vers-le-maintien-pour-nos-seniors-b\/\"]}]},{\"@type\":\"BreadcrumbList\",\"@id\":\"https:\/\/covincennes.com\/index.php\/2026\/04\/21\/un-pas-vers-le-maintien-pour-nos-seniors-b\/#breadcrumb\",\"itemListElement\":[{\"@type\":\"ListItem\",\"position\":1,\"name\":\"Accueil\",\"item\":\"https:\/\/covincennes.com\/\"},{\"@type\":\"ListItem\",\"position\":2,\"name\":\"Un pas vers le maintien pour nos s\u00e9niors B\"}]},{\"@type\":\"WebSite\",\"@id\":\"https:\/\/covincennes.com\/#website\",\"url\":\"https:\/\/covincennes.com\/\",\"name\":\"CO Vincennes\",\"description\":\"Un site utilisant WordPress\",\"publisher\":{\"@id\":\"https:\/\/covincennes.com\/#organization\"},\"potentialAction\":[{\"@type\":\"SearchAction\",\"target\":{\"@type\":\"EntryPoint\",\"urlTemplate\":\"https:\/\/covincennes.com\/?s={search_term_string}\"},\"query-input\":\"required name=search_term_string\"}],\"inLanguage\":\"fr-FR\"},{\"@type\":\"Organization\",\"@id\":\"https:\/\/covincennes.com\/#organization\",\"name\":\"CO Vincennes\",\"url\":\"https:\/\/covincennes.com\/\",\"sameAs\":[\"https:\/\/www.facebook.com\/CO-VINCENNES-la-page-officielle-136021893155921\/\",\"https:\/\/twitter.com\/covincennes\"],\"logo\":{\"@type\":\"ImageObject\",\"inLanguage\":\"fr-FR\",\"@id\":\"https:\/\/covincennes.com\/#\/schema\/logo\/image\/\",\"url\":\"https:\/\/covincennes.com\/wp-content\/uploads\/2019\/11\/logo-cov-png.png\",\"contentUrl\":\"https:\/\/covincennes.com\/wp-content\/uploads\/2019\/11\/logo-cov-png.png\",\"width\":495,\"height\":497,\"caption\":\"CO Vincennes\"},\"image\":{\"@id\":\"https:\/\/covincennes.com\/#\/schema\/logo\/image\/\"}},{\"@type\":\"Person\",\"@id\":\"https:\/\/covincennes.com\/#\/schema\/person\/eb881824360af01aa016999e439303fe\",\"name\":\"Cole Hibry\",\"image\":{\"@type\":\"ImageObject\",\"inLanguage\":\"fr-FR\",\"@id\":\"https:\/\/covincennes.com\/#\/schema\/person\/image\/\",\"url\":\"https:\/\/secure.gravatar.com\/avatar\/fdd68f914853e79675161dab52794fbe213aaa71837a3f83ab5d0669e81bb866?s=96&d=mm&r=g\",\"contentUrl\":\"https:\/\/secure.gravatar.com\/avatar\/fdd68f914853e79675161dab52794fbe213aaa71837a3f83ab5d0669e81bb866?s=96&d=mm&r=g\",\"caption\":\"Cole Hibry\"},\"url\":\"https:\/\/covincennes.com\/index.php\/author\/chevit-frederic\/\"}]}<\/script>\n<!-- \/ Yoast SEO plugin. -->","yoast_head_json":{"title":"Un pas vers le maintien pour nos s\u00e9niors B - CO Vincennes","robots":{"index":"index","follow":"follow","max-snippet":"max-snippet:-1","max-image-preview":"max-image-preview:large","max-video-preview":"max-video-preview:-1"},"canonical":"https:\/\/covincennes.com\/index.php\/2026\/04\/21\/un-pas-vers-le-maintien-pour-nos-seniors-b\/","og_locale":"fr_FR","og_type":"article","og_title":"Un pas vers le maintien pour nos s\u00e9niors B - CO Vincennes","og_description":"En disposant d&rsquo;Igny, nos s\u00e9niors B ne se sont pas encore sauv\u00e9s, mais ils ont fait un pas vers le maintien et sont rest\u00e9s ma\u00eetres de leur destin. A condition bien s\u00fbr qu&rsquo;il n&rsquo;y ait pas de descente suppl\u00e9mentaire li\u00e9e aux rel\u00e9gations de National 3 vers la R1 de la Ligue de Paris Ile-de-France. C&rsquo;est [&hellip;]","og_url":"https:\/\/covincennes.com\/index.php\/2026\/04\/21\/un-pas-vers-le-maintien-pour-nos-seniors-b\/","og_site_name":"CO Vincennes","article_publisher":"https:\/\/www.facebook.com\/CO-VINCENNES-la-page-officielle-136021893155921\/","article_published_time":"2026-04-21T09:26:44+00:00","og_image":[{"width":643,"height":480,"url":"https:\/\/covincennes.com\/wp-content\/uploads\/2026\/04\/Photo-Igny-B-redimensionnee-1.jpg","type":"image\/jpeg"}],"author":"Cole Hibry","twitter_card":"summary_large_image","twitter_creator":"@covincennes","twitter_site":"@covincennes","twitter_misc":{"\u00c9crit par":"Cole Hibry","Dur\u00e9e de lecture estim\u00e9e":"1 minute"},"schema":{"@context":"https:\/\/schema.org","@graph":[{"@type":"Article","@id":"https:\/\/covincennes.com\/index.php\/2026\/04\/21\/un-pas-vers-le-maintien-pour-nos-seniors-b\/#article","isPartOf":{"@id":"https:\/\/covincennes.com\/index.php\/2026\/04\/21\/un-pas-vers-le-maintien-pour-nos-seniors-b\/"},"author":{"name":"Cole Hibry","@id":"https:\/\/covincennes.com\/#\/schema\/person\/eb881824360af01aa016999e439303fe"},"headline":"Un pas vers le maintien pour nos s\u00e9niors B","datePublished":"2026-04-21T09:26:44+00:00","dateModified":"2026-04-21T09:26:44+00:00","mainEntityOfPage":{"@id":"https:\/\/covincennes.com\/index.php\/2026\/04\/21\/un-pas-vers-le-maintien-pour-nos-seniors-b\/"},"wordCount":188,"commentCount":0,"publisher":{"@id":"https:\/\/covincennes.com\/#organization"},"articleSection":["Slide"],"inLanguage":"fr-FR","potentialAction":[{"@type":"CommentAction","name":"Comment","target":["https:\/\/covincennes.com\/index.php\/2026\/04\/21\/un-pas-vers-le-maintien-pour-nos-seniors-b\/#respond"]}]},{"@type":"WebPage","@id":"https:\/\/covincennes.com\/index.php\/2026\/04\/21\/un-pas-vers-le-maintien-pour-nos-seniors-b\/","url":"https:\/\/covincennes.com\/index.php\/2026\/04\/21\/un-pas-vers-le-maintien-pour-nos-seniors-b\/","name":"Un pas vers le maintien pour nos s\u00e9niors B - CO Vincennes","isPartOf":{"@id":"https:\/\/covincennes.com\/#website"},"datePublished":"2026-04-21T09:26:44+00:00","dateModified":"2026-04-21T09:26:44+00:00","breadcrumb":{"@id":"https:\/\/covincennes.com\/index.php\/2026\/04\/21\/un-pas-vers-le-maintien-pour-nos-seniors-b\/#breadcrumb"},"inLanguage":"fr-FR","potentialAction":[{"@type":"ReadAction","target":["https:\/\/covincennes.com\/index.php\/2026\/04\/21\/un-pas-vers-le-maintien-pour-nos-seniors-b\/"]}]},{"@type":"BreadcrumbList","@id":"https:\/\/covincennes.com\/index.php\/2026\/04\/21\/un-pas-vers-le-maintien-pour-nos-seniors-b\/#breadcrumb","itemListElement":[{"@type":"ListItem","position":1,"name":"Accueil","item":"https:\/\/covincennes.com\/"},{"@type":"ListItem","position":2,"name":"Un pas vers le maintien pour nos s\u00e9niors B"}]},{"@type":"WebSite","@id":"https:\/\/covincennes.com\/#website","url":"https:\/\/covincennes.com\/","name":"CO Vincennes","description":"Un site utilisant WordPress","publisher":{"@id":"https:\/\/covincennes.com\/#organization"},"potentialAction":[{"@type":"SearchAction","target":{"@type":"EntryPoint","urlTemplate":"https:\/\/covincennes.com\/?s={search_term_string}"},"query-input":"required name=search_term_string"}],"inLanguage":"fr-FR"},{"@type":"Organization","@id":"https:\/\/covincennes.com\/#organization","name":"CO Vincennes","url":"https:\/\/covincennes.com\/","sameAs":["https:\/\/www.facebook.com\/CO-VINCENNES-la-page-officielle-136021893155921\/","https:\/\/twitter.com\/covincennes"],"logo":{"@type":"ImageObject","inLanguage":"fr-FR","@id":"https:\/\/covincennes.com\/#\/schema\/logo\/image\/","url":"https:\/\/covincennes.com\/wp-content\/uploads\/2019\/11\/logo-cov-png.png","contentUrl":"https:\/\/covincennes.com\/wp-content\/uploads\/2019\/11\/logo-cov-png.png","width":495,"height":497,"caption":"CO Vincennes"},"image":{"@id":"https:\/\/covincennes.com\/#\/schema\/logo\/image\/"}},{"@type":"Person","@id":"https:\/\/covincennes.com\/#\/schema\/person\/eb881824360af01aa016999e439303fe","name":"Cole Hibry","image":{"@type":"ImageObject","inLanguage":"fr-FR","@id":"https:\/\/covincennes.com\/#\/schema\/person\/image\/","url":"https:\/\/secure.gravatar.com\/avatar\/fdd68f914853e79675161dab52794fbe213aaa71837a3f83ab5d0669e81bb866?s=96&d=mm&r=g","contentUrl":"https:\/\/secure.gravatar.com\/avatar\/fdd68f914853e79675161dab52794fbe213aaa71837a3f83ab5d0669e81bb866?s=96&d=mm&r=g","caption":"Cole Hibry"},"url":"https:\/\/covincennes.com\/index.php\/author\/chevit-frederic\/"}]}},"_links":{"self":[{"href":"https:\/\/covincennes.com\/index.php\/wp-json\/wp\/v2\/posts\/9868","targetHints":{"allow":["GET"]}}],"collection":[{"href":"https:\/\/covincennes.com\/index.php\/wp-json\/wp\/v2\/posts"}],"about":[{"href":"https:\/\/covincennes.com\/index.php\/wp-json\/wp\/v2\/types\/post"}],"author":[{"embeddable":true,"href":"https:\/\/covincennes.com\/index.php\/wp-json\/wp\/v2\/users\/2"}],"replies":[{"embeddable":true,"href":"https:\/\/covincennes.com\/index.php\/wp-json\/wp\/v2\/comments?post=9868"}],"version-history":[{"count":1,"href":"https:\/\/covincennes.com\/index.php\/wp-json\/wp\/v2\/posts\/9868\/revisions"}],"predecessor-version":[{"id":9872,"href":"https:\/\/covincennes.com\/index.php\/wp-json\/wp\/v2\/posts\/9868\/revisions\/9872"}],"wp:featuredmedia":[{"embeddable":true,"href":"https:\/\/covincennes.com\/index.php\/wp-json\/wp\/v2\/media\/9871"}],"wp:attachment":[{"href":"https:\/\/covincennes.com\/index.php\/wp-json\/wp\/v2\/media?parent=9868"}],"wp:term":[{"taxonomy":"category","embeddable":true,"href":"https:\/\/covincennes.com\/index.php\/wp-json\/wp\/v2\/categories?post=9868"},{"taxonomy":"post_tag","embeddable":true,"href":"https:\/\/covincennes.com\/index.php\/wp-json\/wp\/v2\/tags?post=9868"}],"curies":[{"name":"wp","href":"https:\/\/api.w.org\/{rel}","templated":true}]}}